{"id":9698,"date":"2017-06-08T18:27:44","date_gmt":"2017-06-08T16:27:44","guid":{"rendered":"https:\/\/www.redbug-culture.com\/blog\/?p=9698"},"modified":"2017-06-08T19:01:16","modified_gmt":"2017-06-08T17:01:16","slug":"martin-luther-23-pfingsten","status":"publish","type":"post","link":"https:\/\/www.redbug-culture.com\/blog\/2017\/06\/martin-luther-23-pfingsten\/","title":{"rendered":"Martin Luther #23 Pfingsten"},"content":{"rendered":"<h4>Pfingsten<\/h4>\n<p>Pfingsten, ist der gro\u00dfe Auftritt des Heiligen Geistes.<\/p>\n<div id=\"b27ref43014016\" class=\"v43014016 verse highlight\"><span class=\"verseNumber\">Er geh\u00f6rt im Christentum zu den gro\u00dfen drei: Zur g\u00f6ttlichen Trinit\u00e4t.\u00a0<\/span><em>Vater, Sohn und Heiliger Geist<\/em>, sagt man ja so. Aber was ist damit gemeint?<\/div>\n<div class=\"v43014016 verse highlight\">In den sonnt\u00e4glichen Gottesdiensten, die ich als Konfirmand besucht habe, ist mir irgendwann klar geworden, dass ich \u00fcberhaupt keine Ahnung habe, was eigentlich mit dieser ber\u00fchmten Dreieinigkeit von Vater, Sohn und Heiligem Geist gemeint sein soll. Ein alter Mann, ein langhaariger Sohn und eine Taube? Ich hab mich heimlich umgeschaut und mich gefragt, was die anderen wohl sehen, wenn sie das Glaubensbekenntnis murmeln. Bin ich der Einzige, der das nicht versteht? Drei? &#8211; ja okay. Aber dreieinig? Also irgendwie alles das Gleiche, aber dann auch wieder nicht?<\/div>\n<p>Ich gebe zu, dass ich als Kind den Heiligen Geist immer f\u00fcr eine Art Gespenst gehalten habe. Etwa genauso wie ich mir einen unheimlichen Flaschengeist vorgestellt habe, wenn in einer damals bekannten Fernsehwerbung behauptet wurde: <em>In Asbach Uralt steckt der Geist des Weines<\/em>. Wie ist der da reingekommen? Und was, wenn der da wieder rauskommt? Kinderglaube eben. Oder doch nicht?<\/p>\n<p>Hatte Gott nicht selbst gesagt <em>(Joel 3,1-5)<\/em>:\u00a0<em>Und es soll geschehen (\u2026)\u00a0da will ich <strong>ausgie\u00dfen<\/strong> von meinem Geist. <\/em>War das vielleicht der Geist des Weines?<em>\u00a0<\/em>Schlie\u00dflich\u00a0wurden die J\u00fcnger von einigen f\u00fcr betrunken gehalten, als sie den Heiligen Geist empfangen hatten <em>(Apg 2,13)<\/em>:\u00a0<em>Andere aber hatten ihren Spott und sprachen: Sie sind voll von s\u00fc\u00dfem Wein.<\/em><\/p>\n<p>Luther stellt in einer \u00fcberlieferten <a href=\"http:\/\/www.glaubensstimme.de\/doku.php?id=autoren:l:luther:p:luther-apg._2_1-14\">Pfingstpredigt<\/a>\u00a0klar und er ist sich sicher, dass es auch die damals Anwesenden gewusst haben: <em>da\u00df man fremde, unbekannte Sprachen beim Saufen nicht lernen kann.<\/em><\/p>\n<h4>Aber was war eigentlich passiert?<\/h4>\n<p>Jesus verbringt nach seiner Kreuzigung und Auferstehung\u00a0noch 40 Tage mit seinen J\u00fcngern auf der Erde. Er bereitet sie auf ihre zuk\u00fcnftige Aufgabe vor. Sie sollen seine Botschaft verbreiten. Und er k\u00fcndigt ihnen an, dass er die Erde mittels Himmelfahrt verlassen wird und sie dann ohne ihn klarkommen m\u00fcssen. Gleichzeitig verspricht er, seinen Vater zu bitten, ihnen den Geist der Wahrheit als Beistand bzw. Tr\u00f6ster zu geben. 10 Tage nach der Himmelfahrt ist es soweit.<\/p>\n<div class=\"bible-text\">\n<div class=\"markdown highlight\">\n<h5 id=\"h0\" style=\"padding-left: 30px;\"><em>Das Pfingstwunder geschieht<\/em><\/h5>\n<p style=\"padding-left: 30px;\"><em>Und als der Pfingsttag gekommen war, waren sie alle an einem Ort beieinander.<\/em><\/p>\n<p style=\"padding-left: 30px;\"><em>Und es geschah pl\u00f6tzlich ein Brausen vom Himmel wie von einem gewaltigen Wind und erf\u00fcllte das ganze Haus, in dem sie sa\u00dfen.\u00a0<\/em><em>Und es erschienen ihnen Zungen, zerteilt wie von Feuer; und er setzte sich auf einen jeden von ihnen,\u00a0und sie wurden alle erf\u00fcllt von dem Heiligen Geist und fingen an zu predigen in andern Sprachen, wie der Geist ihnen gab auszusprechen.\u00a0<\/em><\/p>\n<p style=\"padding-left: 30px;\"><em>Es wohnten aber in Jerusalem Juden, die waren gottesf\u00fcrchtige M\u00e4nner aus allen V\u00f6lkern unter dem Himmel.\u00a0Als nun dieses Brausen geschah, kam die Menge zusammen und wurde best\u00fcrzt; denn ein jeder h\u00f6rte sie in seiner eigenen Sprache reden.\u00a0\u00a0Sie entsetzten sich aber, verwunderten sich und sprachen: Siehe, sind nicht diese alle, die da reden, aus Galil\u00e4a?\u00a0\u00a0Wie h\u00f6ren wir denn jeder seine eigene Muttersprache? (\u2026)\u00a0\u00a0<\/em><\/p>\n<p style=\"padding-left: 30px;\"><em>Sie entsetzten sich aber alle und wurden ratlos und sprachen einer zu dem andern: Was will das werden?\u00a0\u00a0Andere aber hatten ihren Spott und sprachen: Sie sind voll von s\u00fc\u00dfem Wein.\u00a0(Apg 2,1-13)<\/em><\/p>\n<h4>Mind oder Spirit<\/h4>\n<p>Hier scheint der Heilige Geist eine Art gemeinsame pl\u00f6tzliche Erkenntnis zu bewirken. Und l\u00f6st auch gleich das Bed\u00fcrfnis und die F\u00e4higkeit aus, sie in die Welt zu bringen. Aber ist dazu ein Heiliger Geist n\u00f6tig, der von au\u00dfen kommt? Kann es nicht eine Art Erkenntnisquantensprung sein, der durch gemeinsame \u00dcbungen und \u00dcberlegungen zustande gekommen ist? (Man hatte in der Vorbereitungsphase ja auch etwas Zeit, die eine oder andere Sprache zu lernen.)\u00a0Die Frage ist also: Gibt es einen Geist au\u00dferhalb von uns, der sozusagen von au\u00dfen auf uns herabkommen kann? Intuitive Ideen, die unabh\u00e4ngig herumschwirren, aufpoppen und irgendwann von einem Menschen aufgeschnappt werden? Sozusagen Ideen mit einem eigenen Bewusstsein, mit einem eigenen Sch\u00f6pfungswillen?<\/p>\n<p class=\"linebreak\">F\u00fcr Martin Luther steht das au\u00dfer Frage. F\u00fcr ihn war der Heilige Geist schon immer da, hat sich aber erst am Pfingsttag so richtig \u00f6ffentlich bemerkbar gemacht.<\/p>\n<p class=\"linebreak\" style=\"padding-left: 30px;\"><em>Das ist das erste St\u00fcck, da\u00df wir lernen sollen, da\u00df der Heilige Geist nicht erst am Pfingsttag sein Werk und Amt angefangen hat. Er hat es je und je in seiner Kirche ge\u00fcbt, aber erstlich am Heiligen Pfingsttag \u00f6ffentlich ge\u00fcbt und sich mit besonderer Gewalt sehen lassen.\u00a0<\/em><\/p>\n<p class=\"p1\" style=\"padding-left: 30px;\"><em>Denn er ist ewiger, allm\u00e4chtiger Gott, wie Christus sagt: Er gehe vom Vater aus. Darum mu\u00df er eben der Natur und des Wesens sein, des der Vater ist. So haben wir gewisse Zeugnisse, da\u00df er, der Heilige Geist, je und je seine Wirkung in den Menschen gehabt, sie nach Gottes Willen regierte und gef\u00fchrt habe. (Luther Pfingstpredigt)<\/em><\/p>\n<p class=\"linebreak\">Also ein Geist, der irgendwie das gleiche ist wie <em>der Vater<\/em> <em>von Natur und Wesen<\/em>. Und gleichzeitig geht der Geist von ihm aus, eine Art ausf\u00fchrendes Organ, das die Menschen <em>nach Gottes Willen regiert.\u00a0<\/em><\/p>\n<h4 class=\"linebreak\">Glauben und zweifeln<\/h4>\n<p class=\"linebreak\">Luther scheint sich da ziemlich sicher zu sein. Er ist mittlerweile vom verzweifelt Suchenden zu einem sehr glaubensfest sicheren Menschen geworden. Genauso wie viele Kindergl\u00e4ubige und Esoteriker, die daf\u00fcr andere Namen finden, wie z.B. <em>the source. <\/em>Mit einem gro\u00dfen Unterschied zu den mythologischen Religionen. Denn wenn sie keinen absoluten Wahrheitsanspruch im Sinne einer Mythologie proklamieren, liegt in diesen\u00a0esoterischen, New Age oder wie immer gelabelten Vorstellungen\u00a0ein gro\u00dfer Vorteil: Sie eignen sich nicht f\u00fcr Glaubenskriege. Es scheint sich da eine tolerantere Haltung zu entwickeln.<\/p>\n<p class=\"linebreak\">Eine globale, tolerantere Bewusstseinsstufe ist auch schon die rational, naturwissenschaftliche Stufe, die sp\u00e4testens mit Galileo begann: Ich sehe etwas, messe etwas, wiederhole Versuche und komme zu Ergebnissen, die immer und \u00fcberall gelten. Wie stehen also die aufgekl\u00e4rten, naturwissenschaftlich-rational Gebildeten zum Heiligen Geist?<\/p>\n<p class=\"linebreak\">Es war f\u00fcr mich \u00fcberraschen dzu h\u00f6ren, dass f\u00fcr Max Planck zum Beispiel\u00a0<em><a href=\"https:\/\/www.youtube.com\/watch?v=f0LOfrbnRhc\">Geist der Urgrund aller Materie ist<\/a>.\u00a0Nicht die sichtbare Materie ist das Reale, Wahre, Wirkliche &#8211; denn die Materie best\u00fcnde ohne den Geist \u00fcberhaupt nicht &#8211; sondern der unsichtbare, unsterbliche Geist ist das Wahre.<\/em> Er scheint sich da auch sehr sicher zu sein.<\/p>\n<p class=\"linebreak\">Aber auch hier bleibt die Frage: Ist dieser <em>unsterbliche Geist, <\/em>von dem Planck redet, ein Subjekt? Hat er\u00a0ein Bewusstsein oder sogar einen Willen? Ist es eine Dreifaltigkeit?<\/p>\n<p class=\"linebreak\">Zweifel \u00fcber Zweifel. Vielleicht das Beste, was wir haben.<\/p>\n<\/div>\n<\/div>\n","protected":false},"excerpt":{"rendered":"<p>Pfingsten Pfingsten, ist der gro\u00dfe Auftritt des Heiligen Geistes. Er geh\u00f6rt im Christentum zu den gro\u00dfen drei: Zur g\u00f6ttlichen Trinit\u00e4t.\u00a0Vater, Sohn und Heiliger Geist, sagt man ja so. Aber was ist damit gemeint? In den sonnt\u00e4glichen Gottesdiensten, die ich als Konfirmand besucht habe, ist mir irgendwann klar geworden, dass ich \u00fcberhaupt keine Ahnung habe, was eigentlich mit dieser ber\u00fchmten Dreieinigkeit von Vater, Sohn und Heiligem Geist gemeint sein soll. Ein alter Mann, ein langhaariger Sohn und eine Taube? Ich hab mich heimlich umgeschaut und mich gefragt, was die anderen wohl sehen, wenn sie das Glaubensbekenntnis murmeln. Bin ich der Einzige, der das nicht versteht? Drei? &#8211; ja okay. Aber dreieinig? Also irgendwie alles das Gleiche, aber dann auch wieder nicht? Ich gebe zu, dass ich als Kind den Heiligen Geist immer f\u00fcr eine Art Gespenst gehalten habe. Etwa genauso wie ich mir einen unheimlichen Flaschengeist vorgestellt habe, wenn in einer damals bekannten Fernsehwerbung behauptet wurde: In Asbach Uralt steckt der Geist des Weines. Wie ist der da reingekommen? Und was, wenn der da wieder rauskommt? Kinderglaube eben. Oder doch nicht? Hatte Gott nicht selbst gesagt (Joel 3,1-5):\u00a0Und es soll geschehen (\u2026)\u00a0da will ich ausgie\u00dfen von meinem Geist. War das vielleicht [&hellip;]<\/p>\n","protected":false},"author":2,"featured_media":9720,"comment_status":"open","ping_status":"open","sticky":false,"template":"","format":"standard","meta":{"footnotes":"","_links_to":"","_links_to_target":""},"categories":[287],"tags":[340,281,339],"class_list":["post-9698","post","type-post","status-publish","format-standard","has-post-thumbnail","hentry","category-martin-luther-2017","tag-heiliger-geist","tag-luther","tag-pfingsten"],"yoast_head":"<!-- This site is optimized with the Yoast SEO plugin v27.4 - https:\/\/yoast.com\/product\/yoast-seo-wordpress\/ -->\n<title>Martin Luther #23 Pfingsten - Red Bug Culture - Schreiben, Ver\u00f6ffentlichen, Kurse<\/title>\n<meta name=\"description\" content=\"Pfingsten, das ist ja der gro\u00dfe Auftritt des Heiligen Geistes. Er geh\u00f6rt im Christentum zu den gro\u00dfen drei. Zur g\u00f6ttlichen Trinit\u00e4t. Was sagt Luther?\" \/>\n<meta name=\"robots\" content=\"index, follow, max-snippet:-1, max-image-preview:large, max-video-preview:-1\" \/>\n<link rel=\"canonical\" href=\"https:\/\/www.redbug-culture.com\/blog\/2017\/06\/martin-luther-23-pfingsten\/\" \/>\n<meta property=\"og:locale\" content=\"de_DE\" \/>\n<meta property=\"og:type\" content=\"article\" \/>\n<meta property=\"og:title\" content=\"Martin Luther #23 Pfingsten - Red Bug Culture - Schreiben, Ver\u00f6ffentlichen, Kurse\" \/>\n<meta property=\"og:description\" content=\"Pfingsten, das ist ja der gro\u00dfe Auftritt des Heiligen Geistes. Er geh\u00f6rt im Christentum zu den gro\u00dfen drei. Zur g\u00f6ttlichen Trinit\u00e4t. Was sagt Luther?\" \/>\n<meta property=\"og:url\" content=\"https:\/\/www.redbug-culture.com\/blog\/2017\/06\/martin-luther-23-pfingsten\/\" \/>\n<meta property=\"og:site_name\" content=\"Red Bug Culture - Schreiben, Ver\u00f6ffentlichen, Kurse\" \/>\n<meta property=\"article:publisher\" content=\"https:\/\/www.facebook.com\/RedBugBooks\" \/>\n<meta property=\"article:published_time\" content=\"2017-06-08T16:27:44+00:00\" \/>\n<meta property=\"article:modified_time\" content=\"2017-06-08T17:01:16+00:00\" \/>\n<meta property=\"og:image\" content=\"https:\/\/www.redbug-culture.com\/blog\/wp-content\/uploads\/2017\/06\/Trinity_by_Jeronimo_Cosida.png\" \/>\n\t<meta property=\"og:image:width\" content=\"740\" \/>\n\t<meta property=\"og:image:height\" content=\"493\" \/>\n\t<meta property=\"og:image:type\" content=\"image\/png\" \/>\n<meta name=\"author\" content=\"Uwe\" \/>\n<meta name=\"twitter:card\" content=\"summary_large_image\" \/>\n<meta name=\"twitter:creator\" content=\"@RedBugBooks\" \/>\n<meta name=\"twitter:site\" content=\"@RedBugBooks\" \/>\n<meta name=\"twitter:label1\" content=\"Verfasst von\" \/>\n\t<meta name=\"twitter:data1\" content=\"Uwe\" \/>\n\t<meta name=\"twitter:label2\" content=\"Gesch\u00e4tzte Lesezeit\" \/>\n\t<meta name=\"twitter:data2\" content=\"5\u00a0Minuten\" \/>\n<script type=\"application\/ld+json\" class=\"yoast-schema-graph\">{\"@context\":\"https:\\\/\\\/schema.org\",\"@graph\":[{\"@type\":\"Article\",\"@id\":\"https:\\\/\\\/www.redbug-culture.com\\\/blog\\\/2017\\\/06\\\/martin-luther-23-pfingsten\\\/#article\",\"isPartOf\":{\"@id\":\"https:\\\/\\\/www.redbug-culture.com\\\/blog\\\/2017\\\/06\\\/martin-luther-23-pfingsten\\\/\"},\"author\":{\"name\":\"Uwe\",\"@id\":\"https:\\\/\\\/www.redbug-culture.com\\\/blog\\\/#\\\/schema\\\/person\\\/8b267d63425e84abb5c33e3766015952\"},\"headline\":\"Martin Luther #23 Pfingsten\",\"datePublished\":\"2017-06-08T16:27:44+00:00\",\"dateModified\":\"2017-06-08T17:01:16+00:00\",\"mainEntityOfPage\":{\"@id\":\"https:\\\/\\\/www.redbug-culture.com\\\/blog\\\/2017\\\/06\\\/martin-luther-23-pfingsten\\\/\"},\"wordCount\":1087,\"commentCount\":0,\"image\":{\"@id\":\"https:\\\/\\\/www.redbug-culture.com\\\/blog\\\/2017\\\/06\\\/martin-luther-23-pfingsten\\\/#primaryimage\"},\"thumbnailUrl\":\"https:\\\/\\\/www.redbug-culture.com\\\/blog\\\/wp-content\\\/uploads\\\/2017\\\/06\\\/Trinity_by_Jeronimo_Cosida.png\",\"keywords\":[\"Heiliger Geist\",\"Luther\",\"Pfingsten\"],\"articleSection\":[\"Martin Luther 2017\"],\"inLanguage\":\"de\",\"potentialAction\":[{\"@type\":\"CommentAction\",\"name\":\"Comment\",\"target\":[\"https:\\\/\\\/www.redbug-culture.com\\\/blog\\\/2017\\\/06\\\/martin-luther-23-pfingsten\\\/#respond\"]}]},{\"@type\":\"WebPage\",\"@id\":\"https:\\\/\\\/www.redbug-culture.com\\\/blog\\\/2017\\\/06\\\/martin-luther-23-pfingsten\\\/\",\"url\":\"https:\\\/\\\/www.redbug-culture.com\\\/blog\\\/2017\\\/06\\\/martin-luther-23-pfingsten\\\/\",\"name\":\"Martin Luther #23 Pfingsten - Red Bug Culture - Schreiben, Ver\u00f6ffentlichen, Kurse\",\"isPartOf\":{\"@id\":\"https:\\\/\\\/www.redbug-culture.com\\\/blog\\\/#website\"},\"primaryImageOfPage\":{\"@id\":\"https:\\\/\\\/www.redbug-culture.com\\\/blog\\\/2017\\\/06\\\/martin-luther-23-pfingsten\\\/#primaryimage\"},\"image\":{\"@id\":\"https:\\\/\\\/www.redbug-culture.com\\\/blog\\\/2017\\\/06\\\/martin-luther-23-pfingsten\\\/#primaryimage\"},\"thumbnailUrl\":\"https:\\\/\\\/www.redbug-culture.com\\\/blog\\\/wp-content\\\/uploads\\\/2017\\\/06\\\/Trinity_by_Jeronimo_Cosida.png\",\"datePublished\":\"2017-06-08T16:27:44+00:00\",\"dateModified\":\"2017-06-08T17:01:16+00:00\",\"author\":{\"@id\":\"https:\\\/\\\/www.redbug-culture.com\\\/blog\\\/#\\\/schema\\\/person\\\/8b267d63425e84abb5c33e3766015952\"},\"description\":\"Pfingsten, das ist ja der gro\u00dfe Auftritt des Heiligen Geistes. Er geh\u00f6rt im Christentum zu den gro\u00dfen drei. Zur g\u00f6ttlichen Trinit\u00e4t. Was sagt Luther?\",\"breadcrumb\":{\"@id\":\"https:\\\/\\\/www.redbug-culture.com\\\/blog\\\/2017\\\/06\\\/martin-luther-23-pfingsten\\\/#breadcrumb\"},\"inLanguage\":\"de\",\"potentialAction\":[{\"@type\":\"ReadAction\",\"target\":[\"https:\\\/\\\/www.redbug-culture.com\\\/blog\\\/2017\\\/06\\\/martin-luther-23-pfingsten\\\/\"]}]},{\"@type\":\"ImageObject\",\"inLanguage\":\"de\",\"@id\":\"https:\\\/\\\/www.redbug-culture.com\\\/blog\\\/2017\\\/06\\\/martin-luther-23-pfingsten\\\/#primaryimage\",\"url\":\"https:\\\/\\\/www.redbug-culture.com\\\/blog\\\/wp-content\\\/uploads\\\/2017\\\/06\\\/Trinity_by_Jeronimo_Cosida.png\",\"contentUrl\":\"https:\\\/\\\/www.redbug-culture.com\\\/blog\\\/wp-content\\\/uploads\\\/2017\\\/06\\\/Trinity_by_Jeronimo_Cosida.png\",\"width\":740,\"height\":493},{\"@type\":\"BreadcrumbList\",\"@id\":\"https:\\\/\\\/www.redbug-culture.com\\\/blog\\\/2017\\\/06\\\/martin-luther-23-pfingsten\\\/#breadcrumb\",\"itemListElement\":[{\"@type\":\"ListItem\",\"position\":1,\"name\":\"Startseite\",\"item\":\"https:\\\/\\\/www.redbug-culture.com\\\/blog\\\/\"},{\"@type\":\"ListItem\",\"position\":2,\"name\":\"Martin Luther #23 Pfingsten\"}]},{\"@type\":\"WebSite\",\"@id\":\"https:\\\/\\\/www.redbug-culture.com\\\/blog\\\/#website\",\"url\":\"https:\\\/\\\/www.redbug-culture.com\\\/blog\\\/\",\"name\":\"Red Bug Culture - Schreiben, Ver\u00f6ffentlichen, Kurse\",\"description\":\"Tipps &amp; Coaching f\u00fcr Autor:innen, Rezensionen\",\"potentialAction\":[{\"@type\":\"SearchAction\",\"target\":{\"@type\":\"EntryPoint\",\"urlTemplate\":\"https:\\\/\\\/www.redbug-culture.com\\\/blog\\\/?s={search_term_string}\"},\"query-input\":{\"@type\":\"PropertyValueSpecification\",\"valueRequired\":true,\"valueName\":\"search_term_string\"}}],\"inLanguage\":\"de\"},{\"@type\":\"Person\",\"@id\":\"https:\\\/\\\/www.redbug-culture.com\\\/blog\\\/#\\\/schema\\\/person\\\/8b267d63425e84abb5c33e3766015952\",\"name\":\"Uwe\",\"image\":{\"@type\":\"ImageObject\",\"inLanguage\":\"de\",\"@id\":\"https:\\\/\\\/secure.gravatar.com\\\/avatar\\\/ffe5e8a99554e8a798f9c3004929e8e65cd151b1a6379b7374e37960569a6d4e?s=96&d=mm&r=g\",\"url\":\"https:\\\/\\\/secure.gravatar.com\\\/avatar\\\/ffe5e8a99554e8a798f9c3004929e8e65cd151b1a6379b7374e37960569a6d4e?s=96&d=mm&r=g\",\"contentUrl\":\"https:\\\/\\\/secure.gravatar.com\\\/avatar\\\/ffe5e8a99554e8a798f9c3004929e8e65cd151b1a6379b7374e37960569a6d4e?s=96&d=mm&r=g\",\"caption\":\"Uwe\"},\"sameAs\":[\"http:\\\/\\\/www.uwecarow.de\"],\"url\":\"https:\\\/\\\/www.redbug-culture.com\\\/blog\\\/author\\\/uwe\\\/\"}]}<\/script>\n<!-- \/ Yoast SEO plugin. -->","yoast_head_json":{"title":"Martin Luther #23 Pfingsten - Red Bug Culture - Schreiben, Ver\u00f6ffentlichen, Kurse","description":"Pfingsten, das ist ja der gro\u00dfe Auftritt des Heiligen Geistes. Er geh\u00f6rt im Christentum zu den gro\u00dfen drei. Zur g\u00f6ttlichen Trinit\u00e4t. Was sagt Luther?","robots":{"index":"index","follow":"follow","max-snippet":"max-snippet:-1","max-image-preview":"max-image-preview:large","max-video-preview":"max-video-preview:-1"},"canonical":"https:\/\/www.redbug-culture.com\/blog\/2017\/06\/martin-luther-23-pfingsten\/","og_locale":"de_DE","og_type":"article","og_title":"Martin Luther #23 Pfingsten - Red Bug Culture - Schreiben, Ver\u00f6ffentlichen, Kurse","og_description":"Pfingsten, das ist ja der gro\u00dfe Auftritt des Heiligen Geistes. Er geh\u00f6rt im Christentum zu den gro\u00dfen drei. Zur g\u00f6ttlichen Trinit\u00e4t. Was sagt Luther?","og_url":"https:\/\/www.redbug-culture.com\/blog\/2017\/06\/martin-luther-23-pfingsten\/","og_site_name":"Red Bug Culture - Schreiben, Ver\u00f6ffentlichen, Kurse","article_publisher":"https:\/\/www.facebook.com\/RedBugBooks","article_published_time":"2017-06-08T16:27:44+00:00","article_modified_time":"2017-06-08T17:01:16+00:00","og_image":[{"width":740,"height":493,"url":"https:\/\/www.redbug-culture.com\/blog\/wp-content\/uploads\/2017\/06\/Trinity_by_Jeronimo_Cosida.png","type":"image\/png"}],"author":"Uwe","twitter_card":"summary_large_image","twitter_creator":"@RedBugBooks","twitter_site":"@RedBugBooks","twitter_misc":{"Verfasst von":"Uwe","Gesch\u00e4tzte Lesezeit":"5\u00a0Minuten"},"schema":{"@context":"https:\/\/schema.org","@graph":[{"@type":"Article","@id":"https:\/\/www.redbug-culture.com\/blog\/2017\/06\/martin-luther-23-pfingsten\/#article","isPartOf":{"@id":"https:\/\/www.redbug-culture.com\/blog\/2017\/06\/martin-luther-23-pfingsten\/"},"author":{"name":"Uwe","@id":"https:\/\/www.redbug-culture.com\/blog\/#\/schema\/person\/8b267d63425e84abb5c33e3766015952"},"headline":"Martin Luther #23 Pfingsten","datePublished":"2017-06-08T16:27:44+00:00","dateModified":"2017-06-08T17:01:16+00:00","mainEntityOfPage":{"@id":"https:\/\/www.redbug-culture.com\/blog\/2017\/06\/martin-luther-23-pfingsten\/"},"wordCount":1087,"commentCount":0,"image":{"@id":"https:\/\/www.redbug-culture.com\/blog\/2017\/06\/martin-luther-23-pfingsten\/#primaryimage"},"thumbnailUrl":"https:\/\/www.redbug-culture.com\/blog\/wp-content\/uploads\/2017\/06\/Trinity_by_Jeronimo_Cosida.png","keywords":["Heiliger Geist","Luther","Pfingsten"],"articleSection":["Martin Luther 2017"],"inLanguage":"de","potentialAction":[{"@type":"CommentAction","name":"Comment","target":["https:\/\/www.redbug-culture.com\/blog\/2017\/06\/martin-luther-23-pfingsten\/#respond"]}]},{"@type":"WebPage","@id":"https:\/\/www.redbug-culture.com\/blog\/2017\/06\/martin-luther-23-pfingsten\/","url":"https:\/\/www.redbug-culture.com\/blog\/2017\/06\/martin-luther-23-pfingsten\/","name":"Martin Luther #23 Pfingsten - Red Bug Culture - Schreiben, Ver\u00f6ffentlichen, Kurse","isPartOf":{"@id":"https:\/\/www.redbug-culture.com\/blog\/#website"},"primaryImageOfPage":{"@id":"https:\/\/www.redbug-culture.com\/blog\/2017\/06\/martin-luther-23-pfingsten\/#primaryimage"},"image":{"@id":"https:\/\/www.redbug-culture.com\/blog\/2017\/06\/martin-luther-23-pfingsten\/#primaryimage"},"thumbnailUrl":"https:\/\/www.redbug-culture.com\/blog\/wp-content\/uploads\/2017\/06\/Trinity_by_Jeronimo_Cosida.png","datePublished":"2017-06-08T16:27:44+00:00","dateModified":"2017-06-08T17:01:16+00:00","author":{"@id":"https:\/\/www.redbug-culture.com\/blog\/#\/schema\/person\/8b267d63425e84abb5c33e3766015952"},"description":"Pfingsten, das ist ja der gro\u00dfe Auftritt des Heiligen Geistes. Er geh\u00f6rt im Christentum zu den gro\u00dfen drei. Zur g\u00f6ttlichen Trinit\u00e4t. Was sagt Luther?","breadcrumb":{"@id":"https:\/\/www.redbug-culture.com\/blog\/2017\/06\/martin-luther-23-pfingsten\/#breadcrumb"},"inLanguage":"de","potentialAction":[{"@type":"ReadAction","target":["https:\/\/www.redbug-culture.com\/blog\/2017\/06\/martin-luther-23-pfingsten\/"]}]},{"@type":"ImageObject","inLanguage":"de","@id":"https:\/\/www.redbug-culture.com\/blog\/2017\/06\/martin-luther-23-pfingsten\/#primaryimage","url":"https:\/\/www.redbug-culture.com\/blog\/wp-content\/uploads\/2017\/06\/Trinity_by_Jeronimo_Cosida.png","contentUrl":"https:\/\/www.redbug-culture.com\/blog\/wp-content\/uploads\/2017\/06\/Trinity_by_Jeronimo_Cosida.png","width":740,"height":493},{"@type":"BreadcrumbList","@id":"https:\/\/www.redbug-culture.com\/blog\/2017\/06\/martin-luther-23-pfingsten\/#breadcrumb","itemListElement":[{"@type":"ListItem","position":1,"name":"Startseite","item":"https:\/\/www.redbug-culture.com\/blog\/"},{"@type":"ListItem","position":2,"name":"Martin Luther #23 Pfingsten"}]},{"@type":"WebSite","@id":"https:\/\/www.redbug-culture.com\/blog\/#website","url":"https:\/\/www.redbug-culture.com\/blog\/","name":"Red Bug Culture - Schreiben, Ver\u00f6ffentlichen, Kurse","description":"Tipps &amp; Coaching f\u00fcr Autor:innen, Rezensionen","potentialAction":[{"@type":"SearchAction","target":{"@type":"EntryPoint","urlTemplate":"https:\/\/www.redbug-culture.com\/blog\/?s={search_term_string}"},"query-input":{"@type":"PropertyValueSpecification","valueRequired":true,"valueName":"search_term_string"}}],"inLanguage":"de"},{"@type":"Person","@id":"https:\/\/www.redbug-culture.com\/blog\/#\/schema\/person\/8b267d63425e84abb5c33e3766015952","name":"Uwe","image":{"@type":"ImageObject","inLanguage":"de","@id":"https:\/\/secure.gravatar.com\/avatar\/ffe5e8a99554e8a798f9c3004929e8e65cd151b1a6379b7374e37960569a6d4e?s=96&d=mm&r=g","url":"https:\/\/secure.gravatar.com\/avatar\/ffe5e8a99554e8a798f9c3004929e8e65cd151b1a6379b7374e37960569a6d4e?s=96&d=mm&r=g","contentUrl":"https:\/\/secure.gravatar.com\/avatar\/ffe5e8a99554e8a798f9c3004929e8e65cd151b1a6379b7374e37960569a6d4e?s=96&d=mm&r=g","caption":"Uwe"},"sameAs":["http:\/\/www.uwecarow.de"],"url":"https:\/\/www.redbug-culture.com\/blog\/author\/uwe\/"}]}},"_links":{"self":[{"href":"https:\/\/www.redbug-culture.com\/blog\/wp-json\/wp\/v2\/posts\/9698","targetHints":{"allow":["GET"]}}],"collection":[{"href":"https:\/\/www.redbug-culture.com\/blog\/wp-json\/wp\/v2\/posts"}],"about":[{"href":"https:\/\/www.redbug-culture.com\/blog\/wp-json\/wp\/v2\/types\/post"}],"author":[{"embeddable":true,"href":"https:\/\/www.redbug-culture.com\/blog\/wp-json\/wp\/v2\/users\/2"}],"replies":[{"embeddable":true,"href":"https:\/\/www.redbug-culture.com\/blog\/wp-json\/wp\/v2\/comments?post=9698"}],"version-history":[{"count":0,"href":"https:\/\/www.redbug-culture.com\/blog\/wp-json\/wp\/v2\/posts\/9698\/revisions"}],"wp:featuredmedia":[{"embeddable":true,"href":"https:\/\/www.redbug-culture.com\/blog\/wp-json\/wp\/v2\/media\/9720"}],"wp:attachment":[{"href":"https:\/\/www.redbug-culture.com\/blog\/wp-json\/wp\/v2\/media?parent=9698"}],"wp:term":[{"taxonomy":"category","embeddable":true,"href":"https:\/\/www.redbug-culture.com\/blog\/wp-json\/wp\/v2\/categories?post=9698"},{"taxonomy":"post_tag","embeddable":true,"href":"https:\/\/www.redbug-culture.com\/blog\/wp-json\/wp\/v2\/tags?post=9698"}],"curies":[{"name":"wp","href":"https:\/\/api.w.org\/{rel}","templated":true}]}}