{"id":7225,"date":"2016-12-21T00:02:16","date_gmt":"2016-12-20T23:02:16","guid":{"rendered":"https:\/\/www.redbug-culture.com\/blog\/?p=7225"},"modified":"2016-12-22T12:35:33","modified_gmt":"2016-12-22T11:35:33","slug":"adventskalender-21-2","status":"publish","type":"post","link":"https:\/\/www.redbug-culture.com\/blog\/2016\/12\/adventskalender-21-2\/","title":{"rendered":"Adventskalender #21"},"content":{"rendered":"<h6><a href=\"https:\/\/www.redbug-culture.com\/blog\/wp-content\/uploads\/2016\/11\/xmas4-21.png\"><img loading=\"lazy\" decoding=\"async\" class=\"size-full wp-image-7410 alignleft\" src=\"https:\/\/www.redbug-culture.com\/blog\/wp-content\/uploads\/2016\/11\/xmas4-21.png\" alt=\"Adventskalender #21\" width=\"150\" height=\"150\" \/><\/a>Adventskalender #21<\/h6>\n<p>Wusstet ihr, dass das Jul-Fest, das Weihnachtsfest der Germanen, nicht am 24. Dezember, sondern schon am 21. Dezember stattfand? Na, wenn das kein guter Grund ist, um heute schon ein paar Geschenke zu verteilen. ;-) Auch hinter dem heutigen T\u00fcrchen versteckt sich ein Buch:<\/p>\n<p>&nbsp;<\/p>\n<p>&nbsp;<\/p>\n<h6>Radio Gaga &#8211; Katrin Bongard<a href=\"https:\/\/www.redbug-culture.com\/blog\/wp-content\/uploads\/2016\/11\/APack_Radio-Gaga_4.png\"><img loading=\"lazy\" decoding=\"async\" class=\"size-medium wp-image-7555 alignright\" src=\"https:\/\/www.redbug-culture.com\/blog\/wp-content\/uploads\/2016\/11\/APack_Radio-Gaga_4-300x205.png\" alt=\"Adventskalender #21\" width=\"300\" height=\"205\" srcset=\"https:\/\/www.redbug-culture.com\/blog\/wp-content\/uploads\/2016\/11\/APack_Radio-Gaga_4-300x205.png 300w, https:\/\/www.redbug-culture.com\/blog\/wp-content\/uploads\/2016\/11\/APack_Radio-Gaga_4.png 615w\" sizes=\"auto, (max-width: 300px) 100vw, 300px\" \/><\/a><\/h6>\n<p><em>\u00bbAuthentisch, feinf\u00fchlig, schnell und frech.\u00ab<\/em><br \/>\n(Stern)<\/p>\n<p><em>Ihre Stimme geht Rocco nicht mehr aus dem Kopf: Ramona, die geniale Moderatorin von\u00a0\u00bbRadio Gaga\u00ab. Zusammen mit John, Anna, Mika und Bert sendet sie ein abgedrehtes Radioprogramm aus einem alten Wachturm in Berlin. Rocco will die Crew unbedingt kennen lernen. Ein lauter Sommer beginnt &#8230;<\/em><\/p>\n<p>Wenn ihr &#8222;Radio Gaga&#8220; gewinnen wollt, dann kommentiert bitte bis 24 Uhr unter diesem Beitrag. Am n\u00e4chsten Tag verlosen wir unter verk\u00fcnden unter dem entsprechenden Beitrag die Gewinner, die ihr P\u00e4ckchen dann sofort bekommen.<\/p>\n<p>Vill Gl\u00e9ck!<br \/>\n(Viel Gl\u00fcck auf Luxemburgisch)<\/p>\n<p><strong><span style=\"color: #800000;\">Losgl\u00fcck hatte heute: Pascal<\/span><\/strong><\/p>\n<p><span style=\"color: #008000;\"><span style=\"color: #808000;\">***Unser Adventskalender ist f\u00fcr unsere Buchbloggerfreunde und alle RedBug-Fans. Wer mitmachen m\u00f6chte &#8211; gerne! Schreibt euch entweder in den\u00a0<span style=\"color: #800000;\"><a style=\"color: #800000;\" href=\"https:\/\/www.redbug-culture.com\/blog\/blogger\/rezensionsexemplare-fuer-buchblogger\/\">Newsletter<\/a><\/span> speziell f\u00fcr Buchblogger ein, \u00a0oder in den <\/span><\/span><span style=\"color: #800000;\"><a style=\"color: #800000;\" href=\"http:\/\/redbug-books.us9.list-manage.com\/subscribe?u=22af8f497a9b8701ff88f6ce4&amp;id=9b58d621ca\">Newsletter<\/a><\/span><span style=\"color: #008000;\"><span style=\"color: #808000;\">\u00a0f\u00fcr Leser, Autoren und RedBug-Freunde. Damit erhaltet ihr \u00fcbrigens auch Zugang zu allen Worksheets mit Schreibtipps.***<\/span><\/span><\/p>\n","protected":false},"excerpt":{"rendered":"<p>Adventskalender #21 Wusstet ihr, dass das Jul-Fest, das Weihnachtsfest der Germanen, nicht am 24. Dezember, sondern schon am 21. Dezember stattfand? Na, wenn das kein guter Grund ist, um heute schon ein paar Geschenke zu verteilen. ;-) Auch hinter dem heutigen T\u00fcrchen versteckt sich ein Buch: &nbsp; &nbsp; Radio Gaga &#8211; Katrin Bongard \u00bbAuthentisch, feinf\u00fchlig, schnell und frech.\u00ab (Stern) Ihre Stimme geht Rocco nicht mehr aus dem Kopf: Ramona, die geniale Moderatorin von\u00a0\u00bbRadio Gaga\u00ab. Zusammen mit John, Anna, Mika und Bert sendet sie ein abgedrehtes Radioprogramm aus einem alten Wachturm in Berlin. Rocco will die Crew unbedingt kennen lernen. Ein lauter Sommer beginnt &#8230; Wenn ihr &#8222;Radio Gaga&#8220; gewinnen wollt, dann kommentiert bitte bis 24 Uhr unter diesem Beitrag. Am n\u00e4chsten Tag verlosen wir unter verk\u00fcnden unter dem entsprechenden Beitrag die Gewinner, die ihr P\u00e4ckchen dann sofort bekommen. Vill Gl\u00e9ck! (Viel Gl\u00fcck auf Luxemburgisch) Losgl\u00fcck hatte heute: Pascal ***Unser Adventskalender ist f\u00fcr unsere Buchbloggerfreunde und alle RedBug-Fans. Wer mitmachen m\u00f6chte &#8211; gerne! Schreibt euch entweder in den\u00a0Newsletter speziell f\u00fcr Buchblogger ein, \u00a0oder in den Newsletter\u00a0f\u00fcr Leser, Autoren und RedBug-Freunde. Damit erhaltet ihr \u00fcbrigens auch Zugang zu allen Worksheets mit Schreibtipps.***<\/p>\n","protected":false},"author":7,"featured_media":7386,"comment_status":"open","ping_status":"open","sticky":false,"template":"","format":"standard","meta":{"footnotes":"","_links_to":"","_links_to_target":""},"categories":[257],"tags":[35,258],"class_list":["post-7225","post","type-post","status-publish","format-standard","has-post-thumbnail","hentry","category-adventskalender-2016","tag-adventskalender","tag-adventskalender-2016"],"yoast_head":"<!-- This site is optimized with the Yoast SEO plugin v27.4 - https:\/\/yoast.com\/product\/yoast-seo-wordpress\/ -->\n<title>Adventskalender #21 - Red Bug Culture - Schreiben, Ver\u00f6ffentlichen, Kurse<\/title>\n<meta name=\"description\" content=\"Adventskalender #21 Wusstet ihr, dass das Jul-Fest, das Weihnachtsfest der Germanen, nicht am 24. Dezember, sondern schon am 21. Dezember stattfand?\" \/>\n<meta name=\"robots\" content=\"index, follow, max-snippet:-1, max-image-preview:large, max-video-preview:-1\" \/>\n<link rel=\"canonical\" href=\"https:\/\/www.redbug-culture.com\/blog\/2016\/12\/adventskalender-21-2\/\" \/>\n<meta property=\"og:locale\" content=\"de_DE\" \/>\n<meta property=\"og:type\" content=\"article\" \/>\n<meta property=\"og:title\" content=\"Adventskalender #21 - Red Bug Culture - Schreiben, Ver\u00f6ffentlichen, Kurse\" \/>\n<meta property=\"og:description\" content=\"Adventskalender #21 Wusstet ihr, dass das Jul-Fest, das Weihnachtsfest der Germanen, nicht am 24. Dezember, sondern schon am 21. Dezember stattfand?\" \/>\n<meta property=\"og:url\" content=\"https:\/\/www.redbug-culture.com\/blog\/2016\/12\/adventskalender-21-2\/\" \/>\n<meta property=\"og:site_name\" content=\"Red Bug Culture - Schreiben, Ver\u00f6ffentlichen, Kurse\" \/>\n<meta property=\"article:publisher\" content=\"https:\/\/www.facebook.com\/RedBugBooks\" \/>\n<meta property=\"article:published_time\" content=\"2016-12-20T23:02:16+00:00\" \/>\n<meta property=\"article:modified_time\" content=\"2016-12-22T11:35:33+00:00\" \/>\n<meta property=\"og:image\" content=\"https:\/\/www.redbug-culture.com\/blog\/wp-content\/uploads\/2016\/11\/Banner-xmas-banner16_21.png\" \/>\n\t<meta property=\"og:image:width\" content=\"740\" \/>\n\t<meta property=\"og:image:height\" content=\"493\" \/>\n\t<meta property=\"og:image:type\" content=\"image\/png\" \/>\n<meta name=\"author\" content=\"Redbug Team\" \/>\n<meta name=\"twitter:card\" content=\"summary_large_image\" \/>\n<meta name=\"twitter:creator\" content=\"@RedBugBooks\" \/>\n<meta name=\"twitter:site\" content=\"@RedBugBooks\" \/>\n<meta name=\"twitter:label1\" content=\"Verfasst von\" \/>\n\t<meta name=\"twitter:data1\" content=\"Redbug Team\" \/>\n\t<meta name=\"twitter:label2\" content=\"Gesch\u00e4tzte Lesezeit\" \/>\n\t<meta name=\"twitter:data2\" content=\"1\u00a0Minute\" \/>\n<script type=\"application\/ld+json\" class=\"yoast-schema-graph\">{\"@context\":\"https:\\\/\\\/schema.org\",\"@graph\":[{\"@type\":\"Article\",\"@id\":\"https:\\\/\\\/www.redbug-culture.com\\\/blog\\\/2016\\\/12\\\/adventskalender-21-2\\\/#article\",\"isPartOf\":{\"@id\":\"https:\\\/\\\/www.redbug-culture.com\\\/blog\\\/2016\\\/12\\\/adventskalender-21-2\\\/\"},\"author\":{\"name\":\"Redbug Team\",\"@id\":\"https:\\\/\\\/www.redbug-culture.com\\\/blog\\\/#\\\/schema\\\/person\\\/70bd9b5d78de965c9a450a6433d6432f\"},\"headline\":\"Adventskalender #21\",\"datePublished\":\"2016-12-20T23:02:16+00:00\",\"dateModified\":\"2016-12-22T11:35:33+00:00\",\"mainEntityOfPage\":{\"@id\":\"https:\\\/\\\/www.redbug-culture.com\\\/blog\\\/2016\\\/12\\\/adventskalender-21-2\\\/\"},\"wordCount\":201,\"commentCount\":0,\"image\":{\"@id\":\"https:\\\/\\\/www.redbug-culture.com\\\/blog\\\/2016\\\/12\\\/adventskalender-21-2\\\/#primaryimage\"},\"thumbnailUrl\":\"https:\\\/\\\/www.redbug-culture.com\\\/blog\\\/wp-content\\\/uploads\\\/2016\\\/11\\\/Banner-xmas-banner16_21.png\",\"keywords\":[\"Adventskalender\",\"Adventskalender 2016\"],\"articleSection\":[\"Adventskalender 2016\"],\"inLanguage\":\"de\",\"potentialAction\":[{\"@type\":\"CommentAction\",\"name\":\"Comment\",\"target\":[\"https:\\\/\\\/www.redbug-culture.com\\\/blog\\\/2016\\\/12\\\/adventskalender-21-2\\\/#respond\"]}]},{\"@type\":\"WebPage\",\"@id\":\"https:\\\/\\\/www.redbug-culture.com\\\/blog\\\/2016\\\/12\\\/adventskalender-21-2\\\/\",\"url\":\"https:\\\/\\\/www.redbug-culture.com\\\/blog\\\/2016\\\/12\\\/adventskalender-21-2\\\/\",\"name\":\"Adventskalender #21 - Red Bug Culture - Schreiben, Ver\u00f6ffentlichen, Kurse\",\"isPartOf\":{\"@id\":\"https:\\\/\\\/www.redbug-culture.com\\\/blog\\\/#website\"},\"primaryImageOfPage\":{\"@id\":\"https:\\\/\\\/www.redbug-culture.com\\\/blog\\\/2016\\\/12\\\/adventskalender-21-2\\\/#primaryimage\"},\"image\":{\"@id\":\"https:\\\/\\\/www.redbug-culture.com\\\/blog\\\/2016\\\/12\\\/adventskalender-21-2\\\/#primaryimage\"},\"thumbnailUrl\":\"https:\\\/\\\/www.redbug-culture.com\\\/blog\\\/wp-content\\\/uploads\\\/2016\\\/11\\\/Banner-xmas-banner16_21.png\",\"datePublished\":\"2016-12-20T23:02:16+00:00\",\"dateModified\":\"2016-12-22T11:35:33+00:00\",\"author\":{\"@id\":\"https:\\\/\\\/www.redbug-culture.com\\\/blog\\\/#\\\/schema\\\/person\\\/70bd9b5d78de965c9a450a6433d6432f\"},\"description\":\"Adventskalender #21 Wusstet ihr, dass das Jul-Fest, das Weihnachtsfest der Germanen, nicht am 24. Dezember, sondern schon am 21. Dezember stattfand?\",\"breadcrumb\":{\"@id\":\"https:\\\/\\\/www.redbug-culture.com\\\/blog\\\/2016\\\/12\\\/adventskalender-21-2\\\/#breadcrumb\"},\"inLanguage\":\"de\",\"potentialAction\":[{\"@type\":\"ReadAction\",\"target\":[\"https:\\\/\\\/www.redbug-culture.com\\\/blog\\\/2016\\\/12\\\/adventskalender-21-2\\\/\"]}]},{\"@type\":\"ImageObject\",\"inLanguage\":\"de\",\"@id\":\"https:\\\/\\\/www.redbug-culture.com\\\/blog\\\/2016\\\/12\\\/adventskalender-21-2\\\/#primaryimage\",\"url\":\"https:\\\/\\\/www.redbug-culture.com\\\/blog\\\/wp-content\\\/uploads\\\/2016\\\/11\\\/Banner-xmas-banner16_21.png\",\"contentUrl\":\"https:\\\/\\\/www.redbug-culture.com\\\/blog\\\/wp-content\\\/uploads\\\/2016\\\/11\\\/Banner-xmas-banner16_21.png\",\"width\":740,\"height\":493},{\"@type\":\"BreadcrumbList\",\"@id\":\"https:\\\/\\\/www.redbug-culture.com\\\/blog\\\/2016\\\/12\\\/adventskalender-21-2\\\/#breadcrumb\",\"itemListElement\":[{\"@type\":\"ListItem\",\"position\":1,\"name\":\"Startseite\",\"item\":\"https:\\\/\\\/www.redbug-culture.com\\\/blog\\\/\"},{\"@type\":\"ListItem\",\"position\":2,\"name\":\"Adventskalender #21\"}]},{\"@type\":\"WebSite\",\"@id\":\"https:\\\/\\\/www.redbug-culture.com\\\/blog\\\/#website\",\"url\":\"https:\\\/\\\/www.redbug-culture.com\\\/blog\\\/\",\"name\":\"Red Bug Culture - Schreiben, Ver\u00f6ffentlichen, Kurse\",\"description\":\"Tipps &amp; Coaching f\u00fcr Autor:innen, Rezensionen\",\"potentialAction\":[{\"@type\":\"SearchAction\",\"target\":{\"@type\":\"EntryPoint\",\"urlTemplate\":\"https:\\\/\\\/www.redbug-culture.com\\\/blog\\\/?s={search_term_string}\"},\"query-input\":{\"@type\":\"PropertyValueSpecification\",\"valueRequired\":true,\"valueName\":\"search_term_string\"}}],\"inLanguage\":\"de\"},{\"@type\":\"Person\",\"@id\":\"https:\\\/\\\/www.redbug-culture.com\\\/blog\\\/#\\\/schema\\\/person\\\/70bd9b5d78de965c9a450a6433d6432f\",\"name\":\"Redbug Team\",\"image\":{\"@type\":\"ImageObject\",\"inLanguage\":\"de\",\"@id\":\"https:\\\/\\\/secure.gravatar.com\\\/avatar\\\/0440aa5109041d0568368806ebdee48ef4dc336ddf1f29103dce7fd12b8f5bcc?s=96&d=mm&r=g\",\"url\":\"https:\\\/\\\/secure.gravatar.com\\\/avatar\\\/0440aa5109041d0568368806ebdee48ef4dc336ddf1f29103dce7fd12b8f5bcc?s=96&d=mm&r=g\",\"contentUrl\":\"https:\\\/\\\/secure.gravatar.com\\\/avatar\\\/0440aa5109041d0568368806ebdee48ef4dc336ddf1f29103dce7fd12b8f5bcc?s=96&d=mm&r=g\",\"caption\":\"Redbug Team\"},\"url\":\"https:\\\/\\\/www.redbug-culture.com\\\/blog\\\/author\\\/redbug-team\\\/\"}]}<\/script>\n<!-- \/ Yoast SEO plugin. -->","yoast_head_json":{"title":"Adventskalender #21 - Red Bug Culture - Schreiben, Ver\u00f6ffentlichen, Kurse","description":"Adventskalender #21 Wusstet ihr, dass das Jul-Fest, das Weihnachtsfest der Germanen, nicht am 24. Dezember, sondern schon am 21. Dezember stattfand?","robots":{"index":"index","follow":"follow","max-snippet":"max-snippet:-1","max-image-preview":"max-image-preview:large","max-video-preview":"max-video-preview:-1"},"canonical":"https:\/\/www.redbug-culture.com\/blog\/2016\/12\/adventskalender-21-2\/","og_locale":"de_DE","og_type":"article","og_title":"Adventskalender #21 - Red Bug Culture - Schreiben, Ver\u00f6ffentlichen, Kurse","og_description":"Adventskalender #21 Wusstet ihr, dass das Jul-Fest, das Weihnachtsfest der Germanen, nicht am 24. Dezember, sondern schon am 21. Dezember stattfand?","og_url":"https:\/\/www.redbug-culture.com\/blog\/2016\/12\/adventskalender-21-2\/","og_site_name":"Red Bug Culture - Schreiben, Ver\u00f6ffentlichen, Kurse","article_publisher":"https:\/\/www.facebook.com\/RedBugBooks","article_published_time":"2016-12-20T23:02:16+00:00","article_modified_time":"2016-12-22T11:35:33+00:00","og_image":[{"width":740,"height":493,"url":"https:\/\/www.redbug-culture.com\/blog\/wp-content\/uploads\/2016\/11\/Banner-xmas-banner16_21.png","type":"image\/png"}],"author":"Redbug Team","twitter_card":"summary_large_image","twitter_creator":"@RedBugBooks","twitter_site":"@RedBugBooks","twitter_misc":{"Verfasst von":"Redbug Team","Gesch\u00e4tzte Lesezeit":"1\u00a0Minute"},"schema":{"@context":"https:\/\/schema.org","@graph":[{"@type":"Article","@id":"https:\/\/www.redbug-culture.com\/blog\/2016\/12\/adventskalender-21-2\/#article","isPartOf":{"@id":"https:\/\/www.redbug-culture.com\/blog\/2016\/12\/adventskalender-21-2\/"},"author":{"name":"Redbug Team","@id":"https:\/\/www.redbug-culture.com\/blog\/#\/schema\/person\/70bd9b5d78de965c9a450a6433d6432f"},"headline":"Adventskalender #21","datePublished":"2016-12-20T23:02:16+00:00","dateModified":"2016-12-22T11:35:33+00:00","mainEntityOfPage":{"@id":"https:\/\/www.redbug-culture.com\/blog\/2016\/12\/adventskalender-21-2\/"},"wordCount":201,"commentCount":0,"image":{"@id":"https:\/\/www.redbug-culture.com\/blog\/2016\/12\/adventskalender-21-2\/#primaryimage"},"thumbnailUrl":"https:\/\/www.redbug-culture.com\/blog\/wp-content\/uploads\/2016\/11\/Banner-xmas-banner16_21.png","keywords":["Adventskalender","Adventskalender 2016"],"articleSection":["Adventskalender 2016"],"inLanguage":"de","potentialAction":[{"@type":"CommentAction","name":"Comment","target":["https:\/\/www.redbug-culture.com\/blog\/2016\/12\/adventskalender-21-2\/#respond"]}]},{"@type":"WebPage","@id":"https:\/\/www.redbug-culture.com\/blog\/2016\/12\/adventskalender-21-2\/","url":"https:\/\/www.redbug-culture.com\/blog\/2016\/12\/adventskalender-21-2\/","name":"Adventskalender #21 - Red Bug Culture - Schreiben, Ver\u00f6ffentlichen, Kurse","isPartOf":{"@id":"https:\/\/www.redbug-culture.com\/blog\/#website"},"primaryImageOfPage":{"@id":"https:\/\/www.redbug-culture.com\/blog\/2016\/12\/adventskalender-21-2\/#primaryimage"},"image":{"@id":"https:\/\/www.redbug-culture.com\/blog\/2016\/12\/adventskalender-21-2\/#primaryimage"},"thumbnailUrl":"https:\/\/www.redbug-culture.com\/blog\/wp-content\/uploads\/2016\/11\/Banner-xmas-banner16_21.png","datePublished":"2016-12-20T23:02:16+00:00","dateModified":"2016-12-22T11:35:33+00:00","author":{"@id":"https:\/\/www.redbug-culture.com\/blog\/#\/schema\/person\/70bd9b5d78de965c9a450a6433d6432f"},"description":"Adventskalender #21 Wusstet ihr, dass das Jul-Fest, das Weihnachtsfest der Germanen, nicht am 24. Dezember, sondern schon am 21. Dezember stattfand?","breadcrumb":{"@id":"https:\/\/www.redbug-culture.com\/blog\/2016\/12\/adventskalender-21-2\/#breadcrumb"},"inLanguage":"de","potentialAction":[{"@type":"ReadAction","target":["https:\/\/www.redbug-culture.com\/blog\/2016\/12\/adventskalender-21-2\/"]}]},{"@type":"ImageObject","inLanguage":"de","@id":"https:\/\/www.redbug-culture.com\/blog\/2016\/12\/adventskalender-21-2\/#primaryimage","url":"https:\/\/www.redbug-culture.com\/blog\/wp-content\/uploads\/2016\/11\/Banner-xmas-banner16_21.png","contentUrl":"https:\/\/www.redbug-culture.com\/blog\/wp-content\/uploads\/2016\/11\/Banner-xmas-banner16_21.png","width":740,"height":493},{"@type":"BreadcrumbList","@id":"https:\/\/www.redbug-culture.com\/blog\/2016\/12\/adventskalender-21-2\/#breadcrumb","itemListElement":[{"@type":"ListItem","position":1,"name":"Startseite","item":"https:\/\/www.redbug-culture.com\/blog\/"},{"@type":"ListItem","position":2,"name":"Adventskalender #21"}]},{"@type":"WebSite","@id":"https:\/\/www.redbug-culture.com\/blog\/#website","url":"https:\/\/www.redbug-culture.com\/blog\/","name":"Red Bug Culture - Schreiben, Ver\u00f6ffentlichen, Kurse","description":"Tipps &amp; Coaching f\u00fcr Autor:innen, Rezensionen","potentialAction":[{"@type":"SearchAction","target":{"@type":"EntryPoint","urlTemplate":"https:\/\/www.redbug-culture.com\/blog\/?s={search_term_string}"},"query-input":{"@type":"PropertyValueSpecification","valueRequired":true,"valueName":"search_term_string"}}],"inLanguage":"de"},{"@type":"Person","@id":"https:\/\/www.redbug-culture.com\/blog\/#\/schema\/person\/70bd9b5d78de965c9a450a6433d6432f","name":"Redbug Team","image":{"@type":"ImageObject","inLanguage":"de","@id":"https:\/\/secure.gravatar.com\/avatar\/0440aa5109041d0568368806ebdee48ef4dc336ddf1f29103dce7fd12b8f5bcc?s=96&d=mm&r=g","url":"https:\/\/secure.gravatar.com\/avatar\/0440aa5109041d0568368806ebdee48ef4dc336ddf1f29103dce7fd12b8f5bcc?s=96&d=mm&r=g","contentUrl":"https:\/\/secure.gravatar.com\/avatar\/0440aa5109041d0568368806ebdee48ef4dc336ddf1f29103dce7fd12b8f5bcc?s=96&d=mm&r=g","caption":"Redbug Team"},"url":"https:\/\/www.redbug-culture.com\/blog\/author\/redbug-team\/"}]}},"_links":{"self":[{"href":"https:\/\/www.redbug-culture.com\/blog\/wp-json\/wp\/v2\/posts\/7225","targetHints":{"allow":["GET"]}}],"collection":[{"href":"https:\/\/www.redbug-culture.com\/blog\/wp-json\/wp\/v2\/posts"}],"about":[{"href":"https:\/\/www.redbug-culture.com\/blog\/wp-json\/wp\/v2\/types\/post"}],"author":[{"embeddable":true,"href":"https:\/\/www.redbug-culture.com\/blog\/wp-json\/wp\/v2\/users\/7"}],"replies":[{"embeddable":true,"href":"https:\/\/www.redbug-culture.com\/blog\/wp-json\/wp\/v2\/comments?post=7225"}],"version-history":[{"count":0,"href":"https:\/\/www.redbug-culture.com\/blog\/wp-json\/wp\/v2\/posts\/7225\/revisions"}],"wp:featuredmedia":[{"embeddable":true,"href":"https:\/\/www.redbug-culture.com\/blog\/wp-json\/wp\/v2\/media\/7386"}],"wp:attachment":[{"href":"https:\/\/www.redbug-culture.com\/blog\/wp-json\/wp\/v2\/media?parent=7225"}],"wp:term":[{"taxonomy":"category","embeddable":true,"href":"https:\/\/www.redbug-culture.com\/blog\/wp-json\/wp\/v2\/categories?post=7225"},{"taxonomy":"post_tag","embeddable":true,"href":"https:\/\/www.redbug-culture.com\/blog\/wp-json\/wp\/v2\/tags?post=7225"}],"curies":[{"name":"wp","href":"https:\/\/api.w.org\/{rel}","templated":true}]}}