{"id":27008,"date":"2023-09-21T17:18:14","date_gmt":"2023-09-21T15:18:14","guid":{"rendered":"https:\/\/www.redbug-culture.com\/blog\/?p=27008"},"modified":"2023-09-21T17:26:47","modified_gmt":"2023-09-21T15:26:47","slug":"geschichten-der-nacht-von-laurent-mauvignier","status":"publish","type":"post","link":"https:\/\/www.redbug-culture.com\/blog\/2023\/09\/geschichten-der-nacht-von-laurent-mauvignier\/","title":{"rendered":"&#8222;Geschichten der Nacht&#8220; von Laurent Mauvignier"},"content":{"rendered":"<h6>&#8222;Geschichten der Nacht&#8220; von\u00a0Laurent Mauvignier<\/h6>\n<p>Laurent Mauvignier siedelt seine Geschichte in einem Weiler an. Im Nirgendwo der franz\u00f6sischen Provinz. Ein Weiler \u2013 ich musste es nachschlagen \u2013, ist eine Siedlung aus wenigen Geb\u00e4uden, kleiner als ein Dorf und vor allem ohne ein zentrales Geb\u00e4ude wie etwa eine Kirche oder ein Gasthaus. Ohne diese traditionellen Begegnungst\u00e4tten ist der Weiler der <i>Geschichten der Nacht<\/i> auch keine l\u00e4ndliche Idylle, sondern ein albtraumhaft isolierter Unort. Nach au\u00dfen abgelegen und nach innen ohne einen Ort der Kommunikation.<span class=\"Apple-converted-space\">\u00a0<\/span><\/p>\n<p><a href=\"https:\/\/www.redbug-culture.com\/blog\/wp-content\/uploads\/2023\/09\/Rezension-Red-Bug-Books2.jpg\"><img loading=\"lazy\" decoding=\"async\" class=\"alignright wp-image-27011 size-full\" src=\"https:\/\/www.redbug-culture.com\/blog\/wp-content\/uploads\/2023\/09\/Rezension-Red-Bug-Books2.jpg\" alt=\"&quot;Geschichten der Nacht&quot; von\u00a0Laurent Mauvignier\" width=\"300\" height=\"479\" srcset=\"https:\/\/www.redbug-culture.com\/blog\/wp-content\/uploads\/2023\/09\/Rezension-Red-Bug-Books2.jpg 300w, https:\/\/www.redbug-culture.com\/blog\/wp-content\/uploads\/2023\/09\/Rezension-Red-Bug-Books2-188x300.jpg 188w\" sizes=\"auto, (max-width: 300px) 100vw, 300px\" \/><\/a>Hier wohnen Marion und Patrice gemeinsam mit ihrer Tochter Ida, und nebenan wohnt Christine, die fast schon wie eine Verwandte zur Kleinfamilie geh\u00f6rt, ohne dass die vier sich wirklich begegnen w\u00fcrden.<span class=\"Apple-converted-space\">\u00a0<\/span>Als erstes f\u00e4llt auf, dass Mauvignier mit extrem langen, verschachtelten S\u00e4tzen arbeitet.<span class=\"Apple-converted-space\">\u00a0<\/span>Dabei gelingt es ihm gro\u00dfartig schon im ersten Satz sehr viel Information \u00fcber zwei der Hauptprotagonisten unterzubringen, gleichzeitig sehr viele Fragen aufzuwerfen.<span class=\"Apple-converted-space\">\u00a0<\/span><\/p>\n<p>Er beginnt aus dem Blickwinkel einer Frau, die einen Mann betrachtet. Wunderbar, wie dadurch, dass sie ihn beobachtet, schon ein subtiles Machtverh\u00e4ltnis angedeutet wird. Sie sitzt auch r\u00e4umlich \u00fcber ihm, etwas h\u00f6her an einem Fenster, w\u00e4hrend er unten auf dem Parkplatz wartet.<span class=\"Apple-converted-space\">\u00a0<\/span>Aber es geht \u2014 wir sind immer noch im ersten Satz \u2014 noch weiter. Denn nicht nur das Verh\u00e4ltnis der beiden wird angedeutet, sondern Mauvignier macht auch klar, dass es in dem Buch offensichtlich um die Subjektivit\u00e4t der jeweiligen Perspektive geht. Denn <i>sie<\/i> nimmt <i>ih<\/i>n, von ihrem etwas erh\u00f6hten Standpunkt \u00bb<i>etwas verzerrt<\/i>\u00ab wahr, \u00bb<i>etwas gedrungener, als sie es tats\u00e4chlich ist, die Gestalt des Mannes<\/i>\u00ab. Es geht also um ihre Sicht auf ihn. Sie sieht sich \u00fcber ihm und ihn kleiner, gedrungener, in einer niedrigeren Position, wohl auch untergebener als er es ist, oder sein m\u00fcsste.<span class=\"Apple-converted-space\">\u00a0<\/span><\/p>\n<p>Schnell wird klar, dass es nicht nur um <i>ihre<\/i> subjektive Sicht auf die Welt und die Menschen in ihr geht.<span class=\"Apple-converted-space\">\u00a0<\/span><\/p>\n<h6>Erz\u00e4hlperspektive<\/h6>\n<p>Immer wieder wechselt die Erz\u00e4hlperspektive zwischen den Figuren, \u00e4ndert Mauvignier den Fokus und die Erz\u00e4hldistanz im Laufe der Erz\u00e4hlung.<span class=\"Apple-converted-space\">\u00a0<\/span>Dadurch gelingt Mauvignier ein wunderbar, oft ironisches Spiel zwischen der Selbstwahrnehmung der Protagonisten und ihrer Au\u00dfenwahrnehmung. Und er nimmt sich um so mehr Zeit f\u00fcr die Innenwahrnehmung, das <i>inner chatter<\/i> seiner Personen, je weniger Zeit sie f\u00fcr sich und die Kommunikation mit den anderen zu haben scheinen.<\/p>\n<p>Immer noch im ersten Satz wird \u00fcber die Darstellung der Zeit auch schon der Modus der Erz\u00e4hlung deutlich gemacht.<span class=\"Apple-converted-space\">\u00a0<\/span>Denn Mauvignier l\u00e4sst sich Zeit. Lesezeit und Erz\u00e4hlzeit vergehen schwerf\u00e4llig.<\/p>\n<p>Die langen, m\u00e4andernden S\u00e4tze drosseln auch das Lesetempo einer erfahrenen Leser:in. Und in der Geschichte selbst ist der Kangoo \u00bbalt\u00ab, es wird \u00bbgewartet\u00ab, \u00bbwie oft schon\u00ab, \u00bbzwei oder drei Mal\u00ab, \u00bbwahrscheinlich schon zu lange\u00ab, usw. Besonders deutlich wird diese Dehnung der Zeit an einem auff\u00e4llig redundanten Einschub. Da hei\u00dft es: \u00bb<i>wenn sie sich die Zeit n\u00e4hme<\/i>, sich daf\u00fcr zu interessieren\u00ab.\u00a0Sie ist nicht einfach desinteressiert, sondern nimmt sich nicht die Zeit. Sie ist gewisserma\u00dfen in dem tristen Wartezimmer anwesend und gleichzeitig nicht anwesend. Damit wird die Frage aufgeworfen, h\u00e4lt sie die Welt auf Abstand oder wird sie von der Welt auf Abstand gehalten. Die \u00bb<i>Sonne blendet<\/i>\u00ab, hindert sie die Welt \u00bb<i>so zu sehen, wie sie es gern t\u00e4te<\/i>\u00ab, sie sitzt erh\u00f6ht, der Parkplatz ist \u00bb<i>absch\u00fcssig<\/i>\u00ab, die Pflanze ist \u00bb<i>mickrig<\/i>\u00ab und Kindererziehung mit \u00bb<i>Scherereien<\/i>\u00ab und \u00bb<i>Kollateralsch\u00e4den<\/i>\u00ab verbunden.<span class=\"Apple-converted-space\">\u00a0<\/span><\/p>\n<h6>Stilmittel<\/h6>\n<p>Bezeichnenderweise erfahren wir nicht einmal den Grund ihres Besuchs bei der Gendamerie, als k\u00e4me es darauf gar nicht an. Das ist hier nicht einfach ein Stilmittel, mit dem die Leser:in durch eine <i>active question<\/i> engagiert werden soll, sondern offenbart auch das Verh\u00e4ltnis dieser Protagonistin zur Welt. Sie h\u00e4lt sich raus aus den Dingen, sitz \u00fcber ihnen. Sie ist, wie auch die anderen Protagonisten nicht wirklich pr\u00e4sent im Augenblick.<span class=\"Apple-converted-space\">\u00a0<\/span><\/p>\n<p>Es tut sich eine schmerzhafte, fast unertr\u00e4gliche Abw\u00e4rtsspirale\u00a0aus Selbsthass und Verleugnung auf, in die alle auf unterschiedliche Weise von Wunden und Verletzungen der Vergangenheit hinabgezogen werden, gefangen in inneren <i>Narrative<\/i>, ohne sich nach au\u00dfen mitteilen zu k\u00f6nnen. Jeder Versuch, die Isolation aufzuheben, jeder Gespr\u00e4chsansatz, jeder Versuch zur Kommunikation, jede Handlung scheint unn\u00fctz und scheitert.<span class=\"Apple-converted-space\">\u00a0<\/span>Bis die Vergangenheit durch eine gegenw\u00e4rtige, t\u00f6dliche Bedrohung in das Leben der vier Protagonisten und die Geschichte einbricht.<span class=\"Apple-converted-space\">\u00a0<\/span><\/p>\n<p>F\u00fcr mich h\u00e4tte es diesen Wechsel in Thrillergenre nicht gebraucht, den Ian McEwan z.B. in <i>Saturday<\/i> so elegant vorgenommen hat.<span class=\"Apple-converted-space\">\u00a0<\/span>Man kann vielleicht dar\u00fcber streiten, ob Mauvignier absichtlich einen Thrillerstil imitieren wollte oder ob ihm im Eifer des Gefechts klischeehafte Formulierungen unterlaufen sind. Da wirft dann die Taschenlampe \u00bb<i>ihr gespenstisch wei\u00dfes Licht auf den Boden<\/i>\u00ab. Die Verletzte hinterl\u00e4sst eine \u00bb<i>Blutspur<\/i>\u00ab, und der Verfolger \u00bb<i>kann ein L\u00e4cheln nicht unterdr\u00fccken<\/i>\u00ab. Der Showdown ist dann beinahe tatortm\u00e4\u00dfig kitschig.<span class=\"Apple-converted-space\">\u00a0<\/span><\/p>\n<h6>Autor<\/h6>\n<p>Laurent Mauvignier, 1967 geboren in Tours, studierte bildende Kunst. Seit 1999 hat er mehrere Romane ver\u00f6ffentlicht, f\u00fcr die er vielfach ausgezeichnet wurde, unter anderem mit dem Prix des Libraires (2009). Zuletzt auf Deutsch erschien sein Roman Mit leichtem Gep\u00e4ck. Er lebt in Toulouse. <a href=\"https:\/\/www.matthes-seitz-berlin.de\/buch\/geschichten-der-nacht.html\">(Quelle Verlag)<\/a><\/p>\n<h6>Fazit:<\/h6>\n<p>Im ersten Teil gro\u00dfartige Literatur, im zweiten Teil ein hervorragendes Treatment f\u00fcr einen Samstagabendthriller.<span class=\"Apple-converted-space\"> Ein wunderbar gut geschriebenes Buch mit einem ungew\u00f6hnlichen Twist ins Thrillergenre.<\/span><\/p>\n<h6>&#8222;Geschichten der Nacht&#8220; von\u00a0Laurent Mauvignier<\/h6>\n<ul>\n<li>Roman<\/li>\n<li>Verlag: Matthes &amp; Seitz<\/li>\n<li>510 Seiten, gebunden mit Schutzumschlag<\/li>\n<li>\u00dcbersetzung:\u00a0Claudia Kalscheuer<\/li>\n<\/ul>\n","protected":false},"excerpt":{"rendered":"<p>&#8222;Geschichten der Nacht&#8220; von\u00a0Laurent Mauvignier Laurent Mauvignier siedelt seine Geschichte in einem Weiler an. Im Nirgendwo der franz\u00f6sischen Provinz. Ein Weiler \u2013 ich musste es nachschlagen \u2013, ist eine Siedlung aus wenigen Geb\u00e4uden, kleiner als ein Dorf und vor allem ohne ein zentrales Geb\u00e4ude wie etwa eine Kirche oder ein Gasthaus. Ohne diese traditionellen Begegnungst\u00e4tten ist der Weiler der Geschichten der Nacht auch keine l\u00e4ndliche Idylle, sondern ein albtraumhaft isolierter Unort. Nach au\u00dfen abgelegen und nach innen ohne einen Ort der Kommunikation.\u00a0 Hier wohnen Marion und Patrice gemeinsam mit ihrer Tochter Ida, und nebenan wohnt Christine, die fast schon wie eine Verwandte zur Kleinfamilie geh\u00f6rt, ohne dass die vier sich wirklich begegnen w\u00fcrden.\u00a0Als erstes f\u00e4llt auf, dass Mauvignier mit extrem langen, verschachtelten S\u00e4tzen arbeitet.\u00a0Dabei gelingt es ihm gro\u00dfartig schon im ersten Satz sehr viel Information \u00fcber zwei der Hauptprotagonisten unterzubringen, gleichzeitig sehr viele Fragen aufzuwerfen.\u00a0 Er beginnt aus dem Blickwinkel einer Frau, die einen Mann betrachtet. Wunderbar, wie dadurch, dass sie ihn beobachtet, schon ein subtiles Machtverh\u00e4ltnis angedeutet wird. Sie sitzt auch r\u00e4umlich \u00fcber ihm, etwas h\u00f6her an einem Fenster, w\u00e4hrend er unten auf dem Parkplatz wartet.\u00a0Aber es geht \u2014 wir sind immer noch im ersten Satz \u2014 noch weiter. [&hellip;]<\/p>\n","protected":false},"author":2,"featured_media":26387,"comment_status":"open","ping_status":"closed","sticky":false,"template":"single-fullwidth.php","format":"standard","meta":{"footnotes":"","_links_to":"","_links_to_target":""},"categories":[800],"tags":[542],"class_list":["post-27008","post","type-post","status-publish","format-standard","has-post-thumbnail","hentry","category-rezension","tag-rezension"],"yoast_head":"<!-- This site is optimized with the Yoast SEO plugin v27.4 - https:\/\/yoast.com\/product\/yoast-seo-wordpress\/ -->\n<title>&quot;Geschichten der Nacht&quot; von Laurent Mauvignier - Red Bug Culture - Schreiben, Ver\u00f6ffentlichen, Kurse<\/title>\n<meta name=\"description\" content=\"&quot;Geschichten der Nacht&quot; von\u00a0Laurent Mauvignier.Der Autor siedelt seine Geschichte in einem Weiler an. Im Nirgendwo der franz\u00f6sischen Provinz\" \/>\n<meta name=\"robots\" content=\"index, follow, max-snippet:-1, max-image-preview:large, max-video-preview:-1\" \/>\n<link rel=\"canonical\" href=\"https:\/\/www.redbug-culture.com\/blog\/2023\/09\/geschichten-der-nacht-von-laurent-mauvignier\/\" \/>\n<meta property=\"og:locale\" content=\"de_DE\" \/>\n<meta property=\"og:type\" content=\"article\" \/>\n<meta property=\"og:title\" content=\"&quot;Geschichten der Nacht&quot; von Laurent Mauvignier - Red Bug Culture - Schreiben, Ver\u00f6ffentlichen, Kurse\" \/>\n<meta property=\"og:description\" content=\"&quot;Geschichten der Nacht&quot; von\u00a0Laurent Mauvignier.Der Autor siedelt seine Geschichte in einem Weiler an. Im Nirgendwo der franz\u00f6sischen Provinz\" \/>\n<meta property=\"og:url\" content=\"https:\/\/www.redbug-culture.com\/blog\/2023\/09\/geschichten-der-nacht-von-laurent-mauvignier\/\" \/>\n<meta property=\"og:site_name\" content=\"Red Bug Culture - Schreiben, Ver\u00f6ffentlichen, Kurse\" \/>\n<meta property=\"article:publisher\" content=\"https:\/\/www.facebook.com\/RedBugBooks\" \/>\n<meta property=\"article:published_time\" content=\"2023-09-21T15:18:14+00:00\" \/>\n<meta property=\"article:modified_time\" content=\"2023-09-21T15:26:47+00:00\" \/>\n<meta property=\"og:image\" content=\"https:\/\/www.redbug-culture.com\/blog\/wp-content\/uploads\/2023\/01\/banner-cult-tranpa_aaa_Rezension_2b.png\" \/>\n\t<meta property=\"og:image:width\" content=\"740\" \/>\n\t<meta property=\"og:image:height\" content=\"493\" \/>\n\t<meta property=\"og:image:type\" content=\"image\/png\" \/>\n<meta name=\"author\" content=\"Uwe\" \/>\n<meta name=\"twitter:card\" content=\"summary_large_image\" \/>\n<meta name=\"twitter:creator\" content=\"@RedBugBooks\" \/>\n<meta name=\"twitter:site\" content=\"@RedBugBooks\" \/>\n<meta name=\"twitter:label1\" content=\"Verfasst von\" \/>\n\t<meta name=\"twitter:data1\" content=\"Uwe\" \/>\n\t<meta name=\"twitter:label2\" content=\"Gesch\u00e4tzte Lesezeit\" \/>\n\t<meta name=\"twitter:data2\" content=\"5\u00a0Minuten\" \/>\n<script type=\"application\/ld+json\" class=\"yoast-schema-graph\">{\"@context\":\"https:\\\/\\\/schema.org\",\"@graph\":[{\"@type\":\"Article\",\"@id\":\"https:\\\/\\\/www.redbug-culture.com\\\/blog\\\/2023\\\/09\\\/geschichten-der-nacht-von-laurent-mauvignier\\\/#article\",\"isPartOf\":{\"@id\":\"https:\\\/\\\/www.redbug-culture.com\\\/blog\\\/2023\\\/09\\\/geschichten-der-nacht-von-laurent-mauvignier\\\/\"},\"author\":{\"name\":\"Uwe\",\"@id\":\"https:\\\/\\\/www.redbug-culture.com\\\/blog\\\/#\\\/schema\\\/person\\\/8b267d63425e84abb5c33e3766015952\"},\"headline\":\"&#8222;Geschichten der Nacht&#8220; von Laurent Mauvignier\",\"datePublished\":\"2023-09-21T15:18:14+00:00\",\"dateModified\":\"2023-09-21T15:26:47+00:00\",\"mainEntityOfPage\":{\"@id\":\"https:\\\/\\\/www.redbug-culture.com\\\/blog\\\/2023\\\/09\\\/geschichten-der-nacht-von-laurent-mauvignier\\\/\"},\"wordCount\":915,\"commentCount\":0,\"image\":{\"@id\":\"https:\\\/\\\/www.redbug-culture.com\\\/blog\\\/2023\\\/09\\\/geschichten-der-nacht-von-laurent-mauvignier\\\/#primaryimage\"},\"thumbnailUrl\":\"https:\\\/\\\/www.redbug-culture.com\\\/blog\\\/wp-content\\\/uploads\\\/2023\\\/01\\\/banner-cult-tranpa_aaa_Rezension_2b.png\",\"keywords\":[\"Rezension\"],\"articleSection\":[\"Rezension\"],\"inLanguage\":\"de\",\"potentialAction\":[{\"@type\":\"CommentAction\",\"name\":\"Comment\",\"target\":[\"https:\\\/\\\/www.redbug-culture.com\\\/blog\\\/2023\\\/09\\\/geschichten-der-nacht-von-laurent-mauvignier\\\/#respond\"]}]},{\"@type\":\"WebPage\",\"@id\":\"https:\\\/\\\/www.redbug-culture.com\\\/blog\\\/2023\\\/09\\\/geschichten-der-nacht-von-laurent-mauvignier\\\/\",\"url\":\"https:\\\/\\\/www.redbug-culture.com\\\/blog\\\/2023\\\/09\\\/geschichten-der-nacht-von-laurent-mauvignier\\\/\",\"name\":\"\\\"Geschichten der Nacht\\\" von Laurent Mauvignier - Red Bug Culture - Schreiben, Ver\u00f6ffentlichen, Kurse\",\"isPartOf\":{\"@id\":\"https:\\\/\\\/www.redbug-culture.com\\\/blog\\\/#website\"},\"primaryImageOfPage\":{\"@id\":\"https:\\\/\\\/www.redbug-culture.com\\\/blog\\\/2023\\\/09\\\/geschichten-der-nacht-von-laurent-mauvignier\\\/#primaryimage\"},\"image\":{\"@id\":\"https:\\\/\\\/www.redbug-culture.com\\\/blog\\\/2023\\\/09\\\/geschichten-der-nacht-von-laurent-mauvignier\\\/#primaryimage\"},\"thumbnailUrl\":\"https:\\\/\\\/www.redbug-culture.com\\\/blog\\\/wp-content\\\/uploads\\\/2023\\\/01\\\/banner-cult-tranpa_aaa_Rezension_2b.png\",\"datePublished\":\"2023-09-21T15:18:14+00:00\",\"dateModified\":\"2023-09-21T15:26:47+00:00\",\"author\":{\"@id\":\"https:\\\/\\\/www.redbug-culture.com\\\/blog\\\/#\\\/schema\\\/person\\\/8b267d63425e84abb5c33e3766015952\"},\"description\":\"\\\"Geschichten der Nacht\\\" von\u00a0Laurent Mauvignier.Der Autor siedelt seine Geschichte in einem Weiler an. Im Nirgendwo der franz\u00f6sischen Provinz\",\"breadcrumb\":{\"@id\":\"https:\\\/\\\/www.redbug-culture.com\\\/blog\\\/2023\\\/09\\\/geschichten-der-nacht-von-laurent-mauvignier\\\/#breadcrumb\"},\"inLanguage\":\"de\",\"potentialAction\":[{\"@type\":\"ReadAction\",\"target\":[\"https:\\\/\\\/www.redbug-culture.com\\\/blog\\\/2023\\\/09\\\/geschichten-der-nacht-von-laurent-mauvignier\\\/\"]}]},{\"@type\":\"ImageObject\",\"inLanguage\":\"de\",\"@id\":\"https:\\\/\\\/www.redbug-culture.com\\\/blog\\\/2023\\\/09\\\/geschichten-der-nacht-von-laurent-mauvignier\\\/#primaryimage\",\"url\":\"https:\\\/\\\/www.redbug-culture.com\\\/blog\\\/wp-content\\\/uploads\\\/2023\\\/01\\\/banner-cult-tranpa_aaa_Rezension_2b.png\",\"contentUrl\":\"https:\\\/\\\/www.redbug-culture.com\\\/blog\\\/wp-content\\\/uploads\\\/2023\\\/01\\\/banner-cult-tranpa_aaa_Rezension_2b.png\",\"width\":740,\"height\":493},{\"@type\":\"BreadcrumbList\",\"@id\":\"https:\\\/\\\/www.redbug-culture.com\\\/blog\\\/2023\\\/09\\\/geschichten-der-nacht-von-laurent-mauvignier\\\/#breadcrumb\",\"itemListElement\":[{\"@type\":\"ListItem\",\"position\":1,\"name\":\"Startseite\",\"item\":\"https:\\\/\\\/www.redbug-culture.com\\\/blog\\\/\"},{\"@type\":\"ListItem\",\"position\":2,\"name\":\"&#8220;Geschichten der Nacht&#8221; von Laurent Mauvignier\"}]},{\"@type\":\"WebSite\",\"@id\":\"https:\\\/\\\/www.redbug-culture.com\\\/blog\\\/#website\",\"url\":\"https:\\\/\\\/www.redbug-culture.com\\\/blog\\\/\",\"name\":\"Red Bug Culture - Schreiben, Ver\u00f6ffentlichen, Kurse\",\"description\":\"Tipps &amp; Coaching f\u00fcr Autor:innen, Rezensionen\",\"potentialAction\":[{\"@type\":\"SearchAction\",\"target\":{\"@type\":\"EntryPoint\",\"urlTemplate\":\"https:\\\/\\\/www.redbug-culture.com\\\/blog\\\/?s={search_term_string}\"},\"query-input\":{\"@type\":\"PropertyValueSpecification\",\"valueRequired\":true,\"valueName\":\"search_term_string\"}}],\"inLanguage\":\"de\"},{\"@type\":\"Person\",\"@id\":\"https:\\\/\\\/www.redbug-culture.com\\\/blog\\\/#\\\/schema\\\/person\\\/8b267d63425e84abb5c33e3766015952\",\"name\":\"Uwe\",\"image\":{\"@type\":\"ImageObject\",\"inLanguage\":\"de\",\"@id\":\"https:\\\/\\\/secure.gravatar.com\\\/avatar\\\/ffe5e8a99554e8a798f9c3004929e8e65cd151b1a6379b7374e37960569a6d4e?s=96&d=mm&r=g\",\"url\":\"https:\\\/\\\/secure.gravatar.com\\\/avatar\\\/ffe5e8a99554e8a798f9c3004929e8e65cd151b1a6379b7374e37960569a6d4e?s=96&d=mm&r=g\",\"contentUrl\":\"https:\\\/\\\/secure.gravatar.com\\\/avatar\\\/ffe5e8a99554e8a798f9c3004929e8e65cd151b1a6379b7374e37960569a6d4e?s=96&d=mm&r=g\",\"caption\":\"Uwe\"},\"sameAs\":[\"http:\\\/\\\/www.uwecarow.de\"],\"url\":\"https:\\\/\\\/www.redbug-culture.com\\\/blog\\\/author\\\/uwe\\\/\"}]}<\/script>\n<!-- \/ Yoast SEO plugin. -->","yoast_head_json":{"title":"\"Geschichten der Nacht\" von Laurent Mauvignier - Red Bug Culture - Schreiben, Ver\u00f6ffentlichen, Kurse","description":"\"Geschichten der Nacht\" von\u00a0Laurent Mauvignier.Der Autor siedelt seine Geschichte in einem Weiler an. Im Nirgendwo der franz\u00f6sischen Provinz","robots":{"index":"index","follow":"follow","max-snippet":"max-snippet:-1","max-image-preview":"max-image-preview:large","max-video-preview":"max-video-preview:-1"},"canonical":"https:\/\/www.redbug-culture.com\/blog\/2023\/09\/geschichten-der-nacht-von-laurent-mauvignier\/","og_locale":"de_DE","og_type":"article","og_title":"\"Geschichten der Nacht\" von Laurent Mauvignier - Red Bug Culture - Schreiben, Ver\u00f6ffentlichen, Kurse","og_description":"\"Geschichten der Nacht\" von\u00a0Laurent Mauvignier.Der Autor siedelt seine Geschichte in einem Weiler an. Im Nirgendwo der franz\u00f6sischen Provinz","og_url":"https:\/\/www.redbug-culture.com\/blog\/2023\/09\/geschichten-der-nacht-von-laurent-mauvignier\/","og_site_name":"Red Bug Culture - Schreiben, Ver\u00f6ffentlichen, Kurse","article_publisher":"https:\/\/www.facebook.com\/RedBugBooks","article_published_time":"2023-09-21T15:18:14+00:00","article_modified_time":"2023-09-21T15:26:47+00:00","og_image":[{"width":740,"height":493,"url":"https:\/\/www.redbug-culture.com\/blog\/wp-content\/uploads\/2023\/01\/banner-cult-tranpa_aaa_Rezension_2b.png","type":"image\/png"}],"author":"Uwe","twitter_card":"summary_large_image","twitter_creator":"@RedBugBooks","twitter_site":"@RedBugBooks","twitter_misc":{"Verfasst von":"Uwe","Gesch\u00e4tzte Lesezeit":"5\u00a0Minuten"},"schema":{"@context":"https:\/\/schema.org","@graph":[{"@type":"Article","@id":"https:\/\/www.redbug-culture.com\/blog\/2023\/09\/geschichten-der-nacht-von-laurent-mauvignier\/#article","isPartOf":{"@id":"https:\/\/www.redbug-culture.com\/blog\/2023\/09\/geschichten-der-nacht-von-laurent-mauvignier\/"},"author":{"name":"Uwe","@id":"https:\/\/www.redbug-culture.com\/blog\/#\/schema\/person\/8b267d63425e84abb5c33e3766015952"},"headline":"&#8222;Geschichten der Nacht&#8220; von Laurent Mauvignier","datePublished":"2023-09-21T15:18:14+00:00","dateModified":"2023-09-21T15:26:47+00:00","mainEntityOfPage":{"@id":"https:\/\/www.redbug-culture.com\/blog\/2023\/09\/geschichten-der-nacht-von-laurent-mauvignier\/"},"wordCount":915,"commentCount":0,"image":{"@id":"https:\/\/www.redbug-culture.com\/blog\/2023\/09\/geschichten-der-nacht-von-laurent-mauvignier\/#primaryimage"},"thumbnailUrl":"https:\/\/www.redbug-culture.com\/blog\/wp-content\/uploads\/2023\/01\/banner-cult-tranpa_aaa_Rezension_2b.png","keywords":["Rezension"],"articleSection":["Rezension"],"inLanguage":"de","potentialAction":[{"@type":"CommentAction","name":"Comment","target":["https:\/\/www.redbug-culture.com\/blog\/2023\/09\/geschichten-der-nacht-von-laurent-mauvignier\/#respond"]}]},{"@type":"WebPage","@id":"https:\/\/www.redbug-culture.com\/blog\/2023\/09\/geschichten-der-nacht-von-laurent-mauvignier\/","url":"https:\/\/www.redbug-culture.com\/blog\/2023\/09\/geschichten-der-nacht-von-laurent-mauvignier\/","name":"\"Geschichten der Nacht\" von Laurent Mauvignier - Red Bug Culture - Schreiben, Ver\u00f6ffentlichen, Kurse","isPartOf":{"@id":"https:\/\/www.redbug-culture.com\/blog\/#website"},"primaryImageOfPage":{"@id":"https:\/\/www.redbug-culture.com\/blog\/2023\/09\/geschichten-der-nacht-von-laurent-mauvignier\/#primaryimage"},"image":{"@id":"https:\/\/www.redbug-culture.com\/blog\/2023\/09\/geschichten-der-nacht-von-laurent-mauvignier\/#primaryimage"},"thumbnailUrl":"https:\/\/www.redbug-culture.com\/blog\/wp-content\/uploads\/2023\/01\/banner-cult-tranpa_aaa_Rezension_2b.png","datePublished":"2023-09-21T15:18:14+00:00","dateModified":"2023-09-21T15:26:47+00:00","author":{"@id":"https:\/\/www.redbug-culture.com\/blog\/#\/schema\/person\/8b267d63425e84abb5c33e3766015952"},"description":"\"Geschichten der Nacht\" von\u00a0Laurent Mauvignier.Der Autor siedelt seine Geschichte in einem Weiler an. Im Nirgendwo der franz\u00f6sischen Provinz","breadcrumb":{"@id":"https:\/\/www.redbug-culture.com\/blog\/2023\/09\/geschichten-der-nacht-von-laurent-mauvignier\/#breadcrumb"},"inLanguage":"de","potentialAction":[{"@type":"ReadAction","target":["https:\/\/www.redbug-culture.com\/blog\/2023\/09\/geschichten-der-nacht-von-laurent-mauvignier\/"]}]},{"@type":"ImageObject","inLanguage":"de","@id":"https:\/\/www.redbug-culture.com\/blog\/2023\/09\/geschichten-der-nacht-von-laurent-mauvignier\/#primaryimage","url":"https:\/\/www.redbug-culture.com\/blog\/wp-content\/uploads\/2023\/01\/banner-cult-tranpa_aaa_Rezension_2b.png","contentUrl":"https:\/\/www.redbug-culture.com\/blog\/wp-content\/uploads\/2023\/01\/banner-cult-tranpa_aaa_Rezension_2b.png","width":740,"height":493},{"@type":"BreadcrumbList","@id":"https:\/\/www.redbug-culture.com\/blog\/2023\/09\/geschichten-der-nacht-von-laurent-mauvignier\/#breadcrumb","itemListElement":[{"@type":"ListItem","position":1,"name":"Startseite","item":"https:\/\/www.redbug-culture.com\/blog\/"},{"@type":"ListItem","position":2,"name":"&#8220;Geschichten der Nacht&#8221; von Laurent Mauvignier"}]},{"@type":"WebSite","@id":"https:\/\/www.redbug-culture.com\/blog\/#website","url":"https:\/\/www.redbug-culture.com\/blog\/","name":"Red Bug Culture - Schreiben, Ver\u00f6ffentlichen, Kurse","description":"Tipps &amp; Coaching f\u00fcr Autor:innen, Rezensionen","potentialAction":[{"@type":"SearchAction","target":{"@type":"EntryPoint","urlTemplate":"https:\/\/www.redbug-culture.com\/blog\/?s={search_term_string}"},"query-input":{"@type":"PropertyValueSpecification","valueRequired":true,"valueName":"search_term_string"}}],"inLanguage":"de"},{"@type":"Person","@id":"https:\/\/www.redbug-culture.com\/blog\/#\/schema\/person\/8b267d63425e84abb5c33e3766015952","name":"Uwe","image":{"@type":"ImageObject","inLanguage":"de","@id":"https:\/\/secure.gravatar.com\/avatar\/ffe5e8a99554e8a798f9c3004929e8e65cd151b1a6379b7374e37960569a6d4e?s=96&d=mm&r=g","url":"https:\/\/secure.gravatar.com\/avatar\/ffe5e8a99554e8a798f9c3004929e8e65cd151b1a6379b7374e37960569a6d4e?s=96&d=mm&r=g","contentUrl":"https:\/\/secure.gravatar.com\/avatar\/ffe5e8a99554e8a798f9c3004929e8e65cd151b1a6379b7374e37960569a6d4e?s=96&d=mm&r=g","caption":"Uwe"},"sameAs":["http:\/\/www.uwecarow.de"],"url":"https:\/\/www.redbug-culture.com\/blog\/author\/uwe\/"}]}},"_links":{"self":[{"href":"https:\/\/www.redbug-culture.com\/blog\/wp-json\/wp\/v2\/posts\/27008","targetHints":{"allow":["GET"]}}],"collection":[{"href":"https:\/\/www.redbug-culture.com\/blog\/wp-json\/wp\/v2\/posts"}],"about":[{"href":"https:\/\/www.redbug-culture.com\/blog\/wp-json\/wp\/v2\/types\/post"}],"author":[{"embeddable":true,"href":"https:\/\/www.redbug-culture.com\/blog\/wp-json\/wp\/v2\/users\/2"}],"replies":[{"embeddable":true,"href":"https:\/\/www.redbug-culture.com\/blog\/wp-json\/wp\/v2\/comments?post=27008"}],"version-history":[{"count":0,"href":"https:\/\/www.redbug-culture.com\/blog\/wp-json\/wp\/v2\/posts\/27008\/revisions"}],"wp:featuredmedia":[{"embeddable":true,"href":"https:\/\/www.redbug-culture.com\/blog\/wp-json\/wp\/v2\/media\/26387"}],"wp:attachment":[{"href":"https:\/\/www.redbug-culture.com\/blog\/wp-json\/wp\/v2\/media?parent=27008"}],"wp:term":[{"taxonomy":"category","embeddable":true,"href":"https:\/\/www.redbug-culture.com\/blog\/wp-json\/wp\/v2\/categories?post=27008"},{"taxonomy":"post_tag","embeddable":true,"href":"https:\/\/www.redbug-culture.com\/blog\/wp-json\/wp\/v2\/tags?post=27008"}],"curies":[{"name":"wp","href":"https:\/\/api.w.org\/{rel}","templated":true}]}}