{"id":16957,"date":"2019-08-07T19:29:53","date_gmt":"2019-08-07T17:29:53","guid":{"rendered":"https:\/\/www.redbug-culture.com\/blog\/?p=16957"},"modified":"2019-08-07T23:00:15","modified_gmt":"2019-08-07T21:00:15","slug":"autobiographisches-schreiben-8-tomas-espedal","status":"publish","type":"post","link":"https:\/\/www.redbug-culture.com\/blog\/2019\/08\/autobiographisches-schreiben-8-tomas-espedal\/","title":{"rendered":"AUTOBIOGRAPHISCHES SCHREIBEN \u2013 #8 TOMAS ESPEDAL"},"content":{"rendered":"<p>Liebe Autor*innen, liebe Leser*innen, heute geht es in der Reihe \u00fcber autobiographisches Schreiben um <i>Wider die Kunst<\/i> von Tomas Espedal in der \u00dcbersetzung von Hinrich Schmidt-Henkel, erschienen 2015 in gebundener Form und als E-Book bei Matthes und Seitz, Berlin. 2009 erschien die norwegische Originalausgabe <i>Imot Kunsten (notab\u00f8kene).<\/i><\/p>\n<p><a href=\"https:\/\/www.redbug-culture.com\/blog\/wp-content\/uploads\/2019\/08\/Tomas-Espedal.jpg\"><img loading=\"lazy\" decoding=\"async\" class=\"alignnone size-full wp-image-16961\" src=\"https:\/\/www.redbug-culture.com\/blog\/wp-content\/uploads\/2019\/08\/Tomas-Espedal.jpg\" alt=\"Tomas Espedal\" width=\"160\" height=\"265\" \/><\/a><\/p>\n<p>Der Zusatz<i> (Die Notizb\u00fccher) <\/i>findet sich nicht auf dem Umschlag, sondern erst auf der Haupttitelseite im Buch.\u00a0Auch auf der\u00a0Taschenbuchausgabe von Suhrkamp 2017 fehlt der Zusatz auf dem Umschlag. Mag sein, dass das eine Marketingentscheidung ist. Vielleicht fand man den Begriff Notizb\u00fccher nicht verkaufsf\u00f6rdernd. Weil es sich so unfertig anh\u00f6rt. Wie schnell aufgeschrieben, mal eben notiert.<\/p>\n<h5>Notizen<\/h5>\n<p>Materialien zu dem Buch hatte Espedal in Norwegen schon zwischen 1999 und 2005 unter den Titeln\u00a0<em>Biografi (glemsel),<\/em><i>\u00a0<\/i>1999<i>, Dagbok<\/i> <i>(epitafer),\u00a0<\/i>2003 und <i>Brev\u00a0Brev (et fors\u00f8k),\u00a0<\/i>2005 herausgebracht. <span lang=\"de\" tabindex=\"0\">Auch hier wieder mit Zus\u00e4tzen in Klammern (deutsch: Vergessenheit, Epitaph und ein Versuch).\u00a0<\/span>Diese drei B\u00fccher sind dann 2017 von Matthes und Seitz dankenswerterweise in einem Band: <i>Biografie, Tagebuch, Briefe <\/i>zusammengefasst worden.<\/p>\n<p>Hier handelt es sich wirklich noch mehr um tagebuchartige Notizen, Gedanken, allt\u00e4gliche Beobachtungen und imagin\u00e4re Brieffetzen. Ich habe es nicht von vorn nach hinten gelesen, sondern hin und hergebl\u00e4ttert. Manches mehrmals gelesen, manches sicher verpasst.<\/p>\n<p>Alles dreht sich um den schreibenden oder nicht schreiben k\u00f6nnenden Schriftsteller.<\/p>\n<p>Wir hatten es schon bei Merethe Lindstr\u00f8m, Thomas Melle, Isabelle Lehn etc. gesehen: Wenn Autoren autobiographisch schreiben, schreiben sie auch immer \u00fcber das Schreiben. \u00dcber den Schreibprozess. Kein Wunder, nimmte es ja auch einen gro\u00dfen Teil ihrer Lebenszeit ein, braucht einen gro\u00dfen Teil ihrer Lebensenergie auf.<\/p>\n<p><i>Wider die Kunst<\/i> ist sicher das koh\u00e4rentere Buch. Dennoch hat den Zusatz (Notizb\u00fccher) verdient.\u00a0An einer Stelle in <i>Biografie, Tagebuch, Briefe <\/i>macht Espedal deutlich: <i>Schon vor langem habe ich aufgeh\u00f6rt, B\u00fccher zu schreiben. Ich schreibe, das ist alles.<\/i><\/p>\n<h5>Worum geht es in dem Buch?<\/h5>\n<p>Im Klappentext steht:<\/p>\n<p style=\"padding-left: 30px;\"><i>Zwei Schicksalsschl\u00e4ge ersch\u00fcttern das Leben des norwegischen Autors\u00a0Tomas Espedal: Zuerst verstirbt seine Mutter, kurz darauf auch seine Frau Agneta. Die Verluste verlangen ihm eine neue Art zu leben ab, denn er bleibt mit seiner j\u00fcngsten Tochter, der pubertierenden Amalia, allein zur\u00fcck. Trost kann er dem M\u00e4dchen nicht spenden, und auch der verzweifelte Versuch, ihr die Mutter zu ersetzen, ist zum Scheitern verurteilt. Espedal beginnt Halt zu suchen in der Erkundung seiner Familiengeschichte.\u00a0<\/i><\/p>\n<p>In manchmal sehr poetischen und aufgeladenen Bildern in einer starken Sprache m\u00e4andert das Buch um den v\u00e4terlichen proletarischen und den aufstrebenden kleinb\u00fcrgerlichen Zweig der Familie Olsen\/Espedal. Pr\u00fcgelnde Jungs, ehrgeizige Gro\u00dfm\u00fctter, unnahbare, angsteinfl\u00f6\u00dfende Gro\u00dfv\u00e4ter, m\u00fcde, \u00fcberarbeitete V\u00e4ter. Ein facettenreiches Bild, das sich auf Erz\u00e4hlungen, Erinnerungen, Fotos st\u00fctzt.<\/p>\n<h5>Am Rand der \u00a0Fiktion<\/h5>\n<p>Aber Espedal beschreibt auch immer wieder Situationen, die seiner Vorstellung entsprungen sind. Er hat vielleicht einen Anhaltspunkt, ein Foto, die Erz\u00e4hlung eines Verwandten. Und diese malt er dann aus. Er stellt sich vor, wie es gewesen ist, ruft Bilder ab aus seiner Imagination.\u00a0Macht sich Gedanken, wie die Vorfahren miteinander umgegangen sind, was sie gef\u00fchlt haben.<\/p>\n<p>Wenn er etwa beschreibt, wie der Urgro\u00dfvater mit seiner viele Jahre j\u00fcngeren,<em>\u00a0\u2014 sie h\u00e4tte seine Tochter sein k\u00f6nnen \u2014<\/em>\u00a0Geliebten in ein Hotelzimmer geht, um mit ihr zu schlafen. Er wechselt in ihre Perspektive. In ihre Gef\u00fchle, \u00c4ngste.<\/p>\n<p style=\"padding-left: 30px;\"><em>sie blickte aufs Bett, das gro\u00dfe Bett, als w\u00e4re das Bett die Rettung, sie wollte sich drauflegen, sich darin verbergen, die Decke \u00fcber sich ziehen und schlafen. Ich will in meinen Kleidern schlafen, sagte sie. Sie legte sich ganz dicht an den Bettrand. Er lag hinter ihr, hinter ihrem R\u00fccken in seiner uniform. Sie konnte seinen Atem h\u00f6ren, war er dabei einzuschlafen? Sie schloss die Augen. Sp\u00fcrte , wie er ihr die Str\u00fcmpfe und Unterhose auszog. Wie er ihren Rock hochzog und \u2026<\/em><\/p>\n<p>Das ist dann ein unmerklicher \u00dcbergang zu Fiktion. Bekennt aber auch gleich wieder, so stelle ich es mir vor.<\/p>\n<p style=\"padding-left: 30px;\"><i>So kann es gewesen sein, so muss es gewesen sein.<\/i><\/p>\n<p style=\"padding-left: 30px;\"><i>Sie war verliebt; ich glaube sie war verliebt, sie muss in ihn verliebt gewesen sein.<\/i><\/p>\n<p>Dank der wunderbaren Sprache ist es ein Genuss, Espedal zu lesen. Eine neue Sicht auf die kleinb\u00fcrgeliche Welt im zwanzigsten Jahrhundert, auf die M\u00fchen, die Freuden, den Trost des Schreibens habe ich allerdings nicht erlebt. Ganz anders als \u00fcbrigens bei der Lekt\u00fcre Peter Handkes, auf den sich Espedal an zwei Stellen bezieht. Er hat meine Sicht auf die Welt, die kleinen Dinge, die Menschen immer wieder gesch\u00e4rft und ver\u00e4ndert. Allerdings auch zwanzig Jahre fr\u00fcher.<\/p>\n<h5>Verpasste Gegenwart<\/h5>\n<p>Dabei f\u00e4ngt das Buch mit einem gro\u00dfartigen Gest\u00e4ndnis an. Schon auf der zweiten Seite gesteht und reflektiert Espedal einen f\u00fcrchterlichen <em>Faux Pas<\/em>:<\/p>\n<p>Wir erinnern uns: Er hatte seine Mutter verloren und kurze Zeit sp\u00e4ter hatten seine T\u00f6chter nicht nur eben diese Gro\u00dfmutter, sondern auch ihre eigenen Mutter verloren. Espedal kehrt als unbekannter Vater zur\u00fcck und zieht zu der F\u00fcnfzehnj\u00e4hrigen, um sich um sie zu k\u00fcmmern. Sie sind sich fremd:<\/p>\n<p style=\"padding-left: 30px;\"><i>Ich wusste nicht, was ich sagen, wie ich sie tr\u00f6sten sollte, alles, was ich sagen konnte, das Erste, was ich sagte, als ob ich ein Kind w\u00e4re, als ob keine Altersunterschied zwischen uns w\u00e4re, als ob ich wollte, dass sie mich tr\u00f6stete und wir einander in gemeinsamer Trauer umarmten, zwei Gleichgesinnte im selben Alter, als ob ich sie im Laufe einiger weniger wortloser Minuten zu einer Erwachsenen gemacht h\u00e4tte, zu meiner k\u00fcnftigen Lebenspartnerin, meiner Hoffnung; sie h\u00f6rte es und drehte sich weg, w\u00fctend und erschrocken, es war kein Trost, das Erste, was ich sagte, war: Wir haben keine Mutter mehr.<\/i><\/p>\n<p>Er erkennt die Hilflosigkeit, ja \u00dcbergriffigkeit dieses Satzes. Aber statt sich in der Gegenwart, in der schwierigen Situation dieser vervielfachten Trauer und des Verlust, aufzuhalten, dar\u00fcber zu schreiben, fl\u00fcchtet er in die gut abgehangene Vergangenheit und ins Schreiben. Das ist sein gutes Recht. Nur mich als Leser hat es entt\u00e4uscht.<\/p>\n<p>Ich h\u00e4tte viel lieber mehr \u00fcber das gegenw\u00e4rtige Leben mit der Tochter erfahren. \u00dcber den Umgang mit der Entfremdung, das Aufarbeiten der Distanz, die Versuche, das Scheitern, das sich Abfinden oder das Wachsen zweier Menschen, die pl\u00f6tzlich aufeinander geworfen sind. Auf der vorletzten Seite des Buchs kauft er ihr\u00a0<i>eine rosa Daunenjacke und ein paar Jeans (die sie umtauschen will), ein paar wasserdichte Stiefel die sie umtauschen will) und ein paar wei\u00dfe Turnschuhe (\u2026)\u00a0<\/i>bevor er in den Buchladen geht <i>Ovids Metarmorphosen kauft und was ich zum schreiben brauche, Farbb\u00e4nder, Korrekturb\u00e4nder f\u00fcr die Schreibmaschine, zwei Kugelschreiber, Tipp-Ex und vier Notizb\u00fccher.<\/i><\/p>\n<h5>Die Tagline<\/h5>\n<p>Auf den Verlagseiten wird dem Klappentext, sozusagen als Tagline die Frage vorangestellt<i>: Was bleibt, wenn die Geliebten fort sind?<\/i><\/p>\n<p>Espedals Buch legt diese Frage wirklich nahe. Die Geliebten sind fort, seine Mutter und seine von ihm getrennte Frau. Die Mutter seiner Tochter. Von Liebe zur dieser Tochter, den T\u00f6chtern ist im Buch nichts zu sp\u00fcren. Pflichtgef\u00fchl, eine Art von Verantwortung. Kochen, Putzen, Brote machen. Wie geht man damit um? Jetzt in der Gegenwart.<\/p>\n<p>Anma\u00dfender Satz: Das Buch h\u00e4tte ich gern gelesen.<\/p>\n<p>Uwe<\/p>\n","protected":false},"excerpt":{"rendered":"<p>Liebe Autor*innen, liebe Leser*innen, heute geht es in der Reihe \u00fcber autobiographisches Schreiben um Wider die Kunst von Tomas Espedal in der \u00dcbersetzung von Hinrich Schmidt-Henkel, erschienen 2015 in gebundener Form und als E-Book bei Matthes und Seitz, Berlin. 2009 erschien die norwegische Originalausgabe Imot Kunsten (notab\u00f8kene). Der Zusatz (Die Notizb\u00fccher) findet sich nicht auf dem Umschlag, sondern erst auf der Haupttitelseite im Buch.\u00a0Auch auf der\u00a0Taschenbuchausgabe von Suhrkamp 2017 fehlt der Zusatz auf dem Umschlag. Mag sein, dass das eine Marketingentscheidung ist. Vielleicht fand man den Begriff Notizb\u00fccher nicht verkaufsf\u00f6rdernd. Weil es sich so unfertig anh\u00f6rt. Wie schnell aufgeschrieben, mal eben notiert. Notizen Materialien zu dem Buch hatte Espedal in Norwegen schon zwischen 1999 und 2005 unter den Titeln\u00a0Biografi (glemsel),\u00a01999, Dagbok (epitafer),\u00a02003 und Brev\u00a0Brev (et fors\u00f8k),\u00a02005 herausgebracht. Auch hier wieder mit Zus\u00e4tzen in Klammern (deutsch: Vergessenheit, Epitaph und ein Versuch).\u00a0Diese drei B\u00fccher sind dann 2017 von Matthes und Seitz dankenswerterweise in einem Band: Biografie, Tagebuch, Briefe zusammengefasst worden. Hier handelt es sich wirklich noch mehr um tagebuchartige Notizen, Gedanken, allt\u00e4gliche Beobachtungen und imagin\u00e4re Brieffetzen. Ich habe es nicht von vorn nach hinten gelesen, sondern hin und hergebl\u00e4ttert. Manches mehrmals gelesen, manches sicher verpasst. Alles dreht sich um den schreibenden oder [&hellip;]<\/p>\n","protected":false},"author":2,"featured_media":16962,"comment_status":"open","ping_status":"open","sticky":false,"template":"","format":"standard","meta":{"footnotes":"","_links_to":"","_links_to_target":""},"categories":[506],"tags":[533,531,532],"class_list":["post-16957","post","type-post","status-publish","format-standard","has-post-thumbnail","hentry","category-autobiographisches-schreiben","tag-norwegen","tag-tomas-espedal","tag-wider-die-kunst"],"yoast_head":"<!-- This site is optimized with the Yoast SEO plugin v27.4 - https:\/\/yoast.com\/product\/yoast-seo-wordpress\/ -->\n<title>AUTOBIOGRAPHISCHES SCHREIBEN \u2013 #8 TOMAS ESPEDAL - Red Bug Culture - Schreiben, Ver\u00f6ffentlichen, Kurse<\/title>\n<meta name=\"description\" content=\"Was bleibt, wenn die Geliebten fort sind? Espedal geht dieser Frage nach. Die Geliebten sind fort, seine eigene Mutter und die Mutter seiner Tochter.\" \/>\n<meta name=\"robots\" content=\"index, follow, max-snippet:-1, max-image-preview:large, max-video-preview:-1\" \/>\n<link rel=\"canonical\" href=\"https:\/\/www.redbug-culture.com\/blog\/2019\/08\/autobiographisches-schreiben-8-tomas-espedal\/\" \/>\n<meta property=\"og:locale\" content=\"de_DE\" \/>\n<meta property=\"og:type\" content=\"article\" \/>\n<meta property=\"og:title\" content=\"AUTOBIOGRAPHISCHES SCHREIBEN \u2013 #8 TOMAS ESPEDAL - Red Bug Culture - Schreiben, Ver\u00f6ffentlichen, Kurse\" \/>\n<meta property=\"og:description\" content=\"Was bleibt, wenn die Geliebten fort sind? Espedal geht dieser Frage nach. Die Geliebten sind fort, seine eigene Mutter und die Mutter seiner Tochter.\" \/>\n<meta property=\"og:url\" content=\"https:\/\/www.redbug-culture.com\/blog\/2019\/08\/autobiographisches-schreiben-8-tomas-espedal\/\" \/>\n<meta property=\"og:site_name\" content=\"Red Bug Culture - Schreiben, Ver\u00f6ffentlichen, Kurse\" \/>\n<meta property=\"article:publisher\" content=\"https:\/\/www.facebook.com\/RedBugBooks\" \/>\n<meta property=\"article:published_time\" content=\"2019-08-07T17:29:53+00:00\" \/>\n<meta property=\"article:modified_time\" content=\"2019-08-07T21:00:15+00:00\" \/>\n<meta property=\"og:image\" content=\"https:\/\/www.redbug-culture.com\/blog\/wp-content\/uploads\/2019\/08\/autobio8.png\" \/>\n\t<meta property=\"og:image:width\" content=\"740\" \/>\n\t<meta property=\"og:image:height\" content=\"493\" \/>\n\t<meta property=\"og:image:type\" content=\"image\/png\" \/>\n<meta name=\"author\" content=\"Uwe\" \/>\n<meta name=\"twitter:card\" content=\"summary_large_image\" \/>\n<meta name=\"twitter:creator\" content=\"@RedBugBooks\" \/>\n<meta name=\"twitter:site\" content=\"@RedBugBooks\" \/>\n<meta name=\"twitter:label1\" content=\"Verfasst von\" \/>\n\t<meta name=\"twitter:data1\" content=\"Uwe\" \/>\n\t<meta name=\"twitter:label2\" content=\"Gesch\u00e4tzte Lesezeit\" \/>\n\t<meta name=\"twitter:data2\" content=\"6\u00a0Minuten\" \/>\n<script type=\"application\/ld+json\" class=\"yoast-schema-graph\">{\"@context\":\"https:\\\/\\\/schema.org\",\"@graph\":[{\"@type\":\"Article\",\"@id\":\"https:\\\/\\\/www.redbug-culture.com\\\/blog\\\/2019\\\/08\\\/autobiographisches-schreiben-8-tomas-espedal\\\/#article\",\"isPartOf\":{\"@id\":\"https:\\\/\\\/www.redbug-culture.com\\\/blog\\\/2019\\\/08\\\/autobiographisches-schreiben-8-tomas-espedal\\\/\"},\"author\":{\"name\":\"Uwe\",\"@id\":\"https:\\\/\\\/www.redbug-culture.com\\\/blog\\\/#\\\/schema\\\/person\\\/8b267d63425e84abb5c33e3766015952\"},\"headline\":\"AUTOBIOGRAPHISCHES SCHREIBEN \u2013 #8 TOMAS ESPEDAL\",\"datePublished\":\"2019-08-07T17:29:53+00:00\",\"dateModified\":\"2019-08-07T21:00:15+00:00\",\"mainEntityOfPage\":{\"@id\":\"https:\\\/\\\/www.redbug-culture.com\\\/blog\\\/2019\\\/08\\\/autobiographisches-schreiben-8-tomas-espedal\\\/\"},\"wordCount\":1213,\"commentCount\":1,\"image\":{\"@id\":\"https:\\\/\\\/www.redbug-culture.com\\\/blog\\\/2019\\\/08\\\/autobiographisches-schreiben-8-tomas-espedal\\\/#primaryimage\"},\"thumbnailUrl\":\"https:\\\/\\\/www.redbug-culture.com\\\/blog\\\/wp-content\\\/uploads\\\/2019\\\/08\\\/autobio8.png\",\"keywords\":[\"Norwegen\",\"Tomas Espedal\",\"Wider die Kunst\"],\"articleSection\":[\"Autobiographisches Schreiben\"],\"inLanguage\":\"de\",\"potentialAction\":[{\"@type\":\"CommentAction\",\"name\":\"Comment\",\"target\":[\"https:\\\/\\\/www.redbug-culture.com\\\/blog\\\/2019\\\/08\\\/autobiographisches-schreiben-8-tomas-espedal\\\/#respond\"]}]},{\"@type\":\"WebPage\",\"@id\":\"https:\\\/\\\/www.redbug-culture.com\\\/blog\\\/2019\\\/08\\\/autobiographisches-schreiben-8-tomas-espedal\\\/\",\"url\":\"https:\\\/\\\/www.redbug-culture.com\\\/blog\\\/2019\\\/08\\\/autobiographisches-schreiben-8-tomas-espedal\\\/\",\"name\":\"AUTOBIOGRAPHISCHES SCHREIBEN \u2013 #8 TOMAS ESPEDAL - Red Bug Culture - Schreiben, Ver\u00f6ffentlichen, Kurse\",\"isPartOf\":{\"@id\":\"https:\\\/\\\/www.redbug-culture.com\\\/blog\\\/#website\"},\"primaryImageOfPage\":{\"@id\":\"https:\\\/\\\/www.redbug-culture.com\\\/blog\\\/2019\\\/08\\\/autobiographisches-schreiben-8-tomas-espedal\\\/#primaryimage\"},\"image\":{\"@id\":\"https:\\\/\\\/www.redbug-culture.com\\\/blog\\\/2019\\\/08\\\/autobiographisches-schreiben-8-tomas-espedal\\\/#primaryimage\"},\"thumbnailUrl\":\"https:\\\/\\\/www.redbug-culture.com\\\/blog\\\/wp-content\\\/uploads\\\/2019\\\/08\\\/autobio8.png\",\"datePublished\":\"2019-08-07T17:29:53+00:00\",\"dateModified\":\"2019-08-07T21:00:15+00:00\",\"author\":{\"@id\":\"https:\\\/\\\/www.redbug-culture.com\\\/blog\\\/#\\\/schema\\\/person\\\/8b267d63425e84abb5c33e3766015952\"},\"description\":\"Was bleibt, wenn die Geliebten fort sind? Espedal geht dieser Frage nach. Die Geliebten sind fort, seine eigene Mutter und die Mutter seiner Tochter.\",\"breadcrumb\":{\"@id\":\"https:\\\/\\\/www.redbug-culture.com\\\/blog\\\/2019\\\/08\\\/autobiographisches-schreiben-8-tomas-espedal\\\/#breadcrumb\"},\"inLanguage\":\"de\",\"potentialAction\":[{\"@type\":\"ReadAction\",\"target\":[\"https:\\\/\\\/www.redbug-culture.com\\\/blog\\\/2019\\\/08\\\/autobiographisches-schreiben-8-tomas-espedal\\\/\"]}]},{\"@type\":\"ImageObject\",\"inLanguage\":\"de\",\"@id\":\"https:\\\/\\\/www.redbug-culture.com\\\/blog\\\/2019\\\/08\\\/autobiographisches-schreiben-8-tomas-espedal\\\/#primaryimage\",\"url\":\"https:\\\/\\\/www.redbug-culture.com\\\/blog\\\/wp-content\\\/uploads\\\/2019\\\/08\\\/autobio8.png\",\"contentUrl\":\"https:\\\/\\\/www.redbug-culture.com\\\/blog\\\/wp-content\\\/uploads\\\/2019\\\/08\\\/autobio8.png\",\"width\":740,\"height\":493},{\"@type\":\"BreadcrumbList\",\"@id\":\"https:\\\/\\\/www.redbug-culture.com\\\/blog\\\/2019\\\/08\\\/autobiographisches-schreiben-8-tomas-espedal\\\/#breadcrumb\",\"itemListElement\":[{\"@type\":\"ListItem\",\"position\":1,\"name\":\"Startseite\",\"item\":\"https:\\\/\\\/www.redbug-culture.com\\\/blog\\\/\"},{\"@type\":\"ListItem\",\"position\":2,\"name\":\"AUTOBIOGRAPHISCHES SCHREIBEN \u2013 #8 TOMAS ESPEDAL\"}]},{\"@type\":\"WebSite\",\"@id\":\"https:\\\/\\\/www.redbug-culture.com\\\/blog\\\/#website\",\"url\":\"https:\\\/\\\/www.redbug-culture.com\\\/blog\\\/\",\"name\":\"Red Bug Culture - Schreiben, Ver\u00f6ffentlichen, Kurse\",\"description\":\"Tipps &amp; Coaching f\u00fcr Autor:innen, Rezensionen\",\"potentialAction\":[{\"@type\":\"SearchAction\",\"target\":{\"@type\":\"EntryPoint\",\"urlTemplate\":\"https:\\\/\\\/www.redbug-culture.com\\\/blog\\\/?s={search_term_string}\"},\"query-input\":{\"@type\":\"PropertyValueSpecification\",\"valueRequired\":true,\"valueName\":\"search_term_string\"}}],\"inLanguage\":\"de\"},{\"@type\":\"Person\",\"@id\":\"https:\\\/\\\/www.redbug-culture.com\\\/blog\\\/#\\\/schema\\\/person\\\/8b267d63425e84abb5c33e3766015952\",\"name\":\"Uwe\",\"image\":{\"@type\":\"ImageObject\",\"inLanguage\":\"de\",\"@id\":\"https:\\\/\\\/secure.gravatar.com\\\/avatar\\\/ffe5e8a99554e8a798f9c3004929e8e65cd151b1a6379b7374e37960569a6d4e?s=96&d=mm&r=g\",\"url\":\"https:\\\/\\\/secure.gravatar.com\\\/avatar\\\/ffe5e8a99554e8a798f9c3004929e8e65cd151b1a6379b7374e37960569a6d4e?s=96&d=mm&r=g\",\"contentUrl\":\"https:\\\/\\\/secure.gravatar.com\\\/avatar\\\/ffe5e8a99554e8a798f9c3004929e8e65cd151b1a6379b7374e37960569a6d4e?s=96&d=mm&r=g\",\"caption\":\"Uwe\"},\"sameAs\":[\"http:\\\/\\\/www.uwecarow.de\"],\"url\":\"https:\\\/\\\/www.redbug-culture.com\\\/blog\\\/author\\\/uwe\\\/\"}]}<\/script>\n<!-- \/ Yoast SEO plugin. -->","yoast_head_json":{"title":"AUTOBIOGRAPHISCHES SCHREIBEN \u2013 #8 TOMAS ESPEDAL - Red Bug Culture - Schreiben, Ver\u00f6ffentlichen, Kurse","description":"Was bleibt, wenn die Geliebten fort sind? Espedal geht dieser Frage nach. Die Geliebten sind fort, seine eigene Mutter und die Mutter seiner Tochter.","robots":{"index":"index","follow":"follow","max-snippet":"max-snippet:-1","max-image-preview":"max-image-preview:large","max-video-preview":"max-video-preview:-1"},"canonical":"https:\/\/www.redbug-culture.com\/blog\/2019\/08\/autobiographisches-schreiben-8-tomas-espedal\/","og_locale":"de_DE","og_type":"article","og_title":"AUTOBIOGRAPHISCHES SCHREIBEN \u2013 #8 TOMAS ESPEDAL - Red Bug Culture - Schreiben, Ver\u00f6ffentlichen, Kurse","og_description":"Was bleibt, wenn die Geliebten fort sind? Espedal geht dieser Frage nach. Die Geliebten sind fort, seine eigene Mutter und die Mutter seiner Tochter.","og_url":"https:\/\/www.redbug-culture.com\/blog\/2019\/08\/autobiographisches-schreiben-8-tomas-espedal\/","og_site_name":"Red Bug Culture - Schreiben, Ver\u00f6ffentlichen, Kurse","article_publisher":"https:\/\/www.facebook.com\/RedBugBooks","article_published_time":"2019-08-07T17:29:53+00:00","article_modified_time":"2019-08-07T21:00:15+00:00","og_image":[{"width":740,"height":493,"url":"https:\/\/www.redbug-culture.com\/blog\/wp-content\/uploads\/2019\/08\/autobio8.png","type":"image\/png"}],"author":"Uwe","twitter_card":"summary_large_image","twitter_creator":"@RedBugBooks","twitter_site":"@RedBugBooks","twitter_misc":{"Verfasst von":"Uwe","Gesch\u00e4tzte Lesezeit":"6\u00a0Minuten"},"schema":{"@context":"https:\/\/schema.org","@graph":[{"@type":"Article","@id":"https:\/\/www.redbug-culture.com\/blog\/2019\/08\/autobiographisches-schreiben-8-tomas-espedal\/#article","isPartOf":{"@id":"https:\/\/www.redbug-culture.com\/blog\/2019\/08\/autobiographisches-schreiben-8-tomas-espedal\/"},"author":{"name":"Uwe","@id":"https:\/\/www.redbug-culture.com\/blog\/#\/schema\/person\/8b267d63425e84abb5c33e3766015952"},"headline":"AUTOBIOGRAPHISCHES SCHREIBEN \u2013 #8 TOMAS ESPEDAL","datePublished":"2019-08-07T17:29:53+00:00","dateModified":"2019-08-07T21:00:15+00:00","mainEntityOfPage":{"@id":"https:\/\/www.redbug-culture.com\/blog\/2019\/08\/autobiographisches-schreiben-8-tomas-espedal\/"},"wordCount":1213,"commentCount":1,"image":{"@id":"https:\/\/www.redbug-culture.com\/blog\/2019\/08\/autobiographisches-schreiben-8-tomas-espedal\/#primaryimage"},"thumbnailUrl":"https:\/\/www.redbug-culture.com\/blog\/wp-content\/uploads\/2019\/08\/autobio8.png","keywords":["Norwegen","Tomas Espedal","Wider die Kunst"],"articleSection":["Autobiographisches Schreiben"],"inLanguage":"de","potentialAction":[{"@type":"CommentAction","name":"Comment","target":["https:\/\/www.redbug-culture.com\/blog\/2019\/08\/autobiographisches-schreiben-8-tomas-espedal\/#respond"]}]},{"@type":"WebPage","@id":"https:\/\/www.redbug-culture.com\/blog\/2019\/08\/autobiographisches-schreiben-8-tomas-espedal\/","url":"https:\/\/www.redbug-culture.com\/blog\/2019\/08\/autobiographisches-schreiben-8-tomas-espedal\/","name":"AUTOBIOGRAPHISCHES SCHREIBEN \u2013 #8 TOMAS ESPEDAL - Red Bug Culture - Schreiben, Ver\u00f6ffentlichen, Kurse","isPartOf":{"@id":"https:\/\/www.redbug-culture.com\/blog\/#website"},"primaryImageOfPage":{"@id":"https:\/\/www.redbug-culture.com\/blog\/2019\/08\/autobiographisches-schreiben-8-tomas-espedal\/#primaryimage"},"image":{"@id":"https:\/\/www.redbug-culture.com\/blog\/2019\/08\/autobiographisches-schreiben-8-tomas-espedal\/#primaryimage"},"thumbnailUrl":"https:\/\/www.redbug-culture.com\/blog\/wp-content\/uploads\/2019\/08\/autobio8.png","datePublished":"2019-08-07T17:29:53+00:00","dateModified":"2019-08-07T21:00:15+00:00","author":{"@id":"https:\/\/www.redbug-culture.com\/blog\/#\/schema\/person\/8b267d63425e84abb5c33e3766015952"},"description":"Was bleibt, wenn die Geliebten fort sind? Espedal geht dieser Frage nach. Die Geliebten sind fort, seine eigene Mutter und die Mutter seiner Tochter.","breadcrumb":{"@id":"https:\/\/www.redbug-culture.com\/blog\/2019\/08\/autobiographisches-schreiben-8-tomas-espedal\/#breadcrumb"},"inLanguage":"de","potentialAction":[{"@type":"ReadAction","target":["https:\/\/www.redbug-culture.com\/blog\/2019\/08\/autobiographisches-schreiben-8-tomas-espedal\/"]}]},{"@type":"ImageObject","inLanguage":"de","@id":"https:\/\/www.redbug-culture.com\/blog\/2019\/08\/autobiographisches-schreiben-8-tomas-espedal\/#primaryimage","url":"https:\/\/www.redbug-culture.com\/blog\/wp-content\/uploads\/2019\/08\/autobio8.png","contentUrl":"https:\/\/www.redbug-culture.com\/blog\/wp-content\/uploads\/2019\/08\/autobio8.png","width":740,"height":493},{"@type":"BreadcrumbList","@id":"https:\/\/www.redbug-culture.com\/blog\/2019\/08\/autobiographisches-schreiben-8-tomas-espedal\/#breadcrumb","itemListElement":[{"@type":"ListItem","position":1,"name":"Startseite","item":"https:\/\/www.redbug-culture.com\/blog\/"},{"@type":"ListItem","position":2,"name":"AUTOBIOGRAPHISCHES SCHREIBEN \u2013 #8 TOMAS ESPEDAL"}]},{"@type":"WebSite","@id":"https:\/\/www.redbug-culture.com\/blog\/#website","url":"https:\/\/www.redbug-culture.com\/blog\/","name":"Red Bug Culture - Schreiben, Ver\u00f6ffentlichen, Kurse","description":"Tipps &amp; Coaching f\u00fcr Autor:innen, Rezensionen","potentialAction":[{"@type":"SearchAction","target":{"@type":"EntryPoint","urlTemplate":"https:\/\/www.redbug-culture.com\/blog\/?s={search_term_string}"},"query-input":{"@type":"PropertyValueSpecification","valueRequired":true,"valueName":"search_term_string"}}],"inLanguage":"de"},{"@type":"Person","@id":"https:\/\/www.redbug-culture.com\/blog\/#\/schema\/person\/8b267d63425e84abb5c33e3766015952","name":"Uwe","image":{"@type":"ImageObject","inLanguage":"de","@id":"https:\/\/secure.gravatar.com\/avatar\/ffe5e8a99554e8a798f9c3004929e8e65cd151b1a6379b7374e37960569a6d4e?s=96&d=mm&r=g","url":"https:\/\/secure.gravatar.com\/avatar\/ffe5e8a99554e8a798f9c3004929e8e65cd151b1a6379b7374e37960569a6d4e?s=96&d=mm&r=g","contentUrl":"https:\/\/secure.gravatar.com\/avatar\/ffe5e8a99554e8a798f9c3004929e8e65cd151b1a6379b7374e37960569a6d4e?s=96&d=mm&r=g","caption":"Uwe"},"sameAs":["http:\/\/www.uwecarow.de"],"url":"https:\/\/www.redbug-culture.com\/blog\/author\/uwe\/"}]}},"_links":{"self":[{"href":"https:\/\/www.redbug-culture.com\/blog\/wp-json\/wp\/v2\/posts\/16957","targetHints":{"allow":["GET"]}}],"collection":[{"href":"https:\/\/www.redbug-culture.com\/blog\/wp-json\/wp\/v2\/posts"}],"about":[{"href":"https:\/\/www.redbug-culture.com\/blog\/wp-json\/wp\/v2\/types\/post"}],"author":[{"embeddable":true,"href":"https:\/\/www.redbug-culture.com\/blog\/wp-json\/wp\/v2\/users\/2"}],"replies":[{"embeddable":true,"href":"https:\/\/www.redbug-culture.com\/blog\/wp-json\/wp\/v2\/comments?post=16957"}],"version-history":[{"count":0,"href":"https:\/\/www.redbug-culture.com\/blog\/wp-json\/wp\/v2\/posts\/16957\/revisions"}],"wp:featuredmedia":[{"embeddable":true,"href":"https:\/\/www.redbug-culture.com\/blog\/wp-json\/wp\/v2\/media\/16962"}],"wp:attachment":[{"href":"https:\/\/www.redbug-culture.com\/blog\/wp-json\/wp\/v2\/media?parent=16957"}],"wp:term":[{"taxonomy":"category","embeddable":true,"href":"https:\/\/www.redbug-culture.com\/blog\/wp-json\/wp\/v2\/categories?post=16957"},{"taxonomy":"post_tag","embeddable":true,"href":"https:\/\/www.redbug-culture.com\/blog\/wp-json\/wp\/v2\/tags?post=16957"}],"curies":[{"name":"wp","href":"https:\/\/api.w.org\/{rel}","templated":true}]}}