{"id":16914,"date":"2019-09-10T16:36:52","date_gmt":"2019-09-10T14:36:52","guid":{"rendered":"https:\/\/www.redbug-culture.com\/blog\/?p=16914"},"modified":"2019-09-10T16:36:52","modified_gmt":"2019-09-10T14:36:52","slug":"red-bug-books-relaunch-4-das-verlagsprogramm","status":"publish","type":"post","link":"https:\/\/www.redbug-culture.com\/blog\/2019\/09\/red-bug-books-relaunch-4-das-verlagsprogramm\/","title":{"rendered":"RED BUG BOOKS Relaunch #4 Das Verlagsprogramm"},"content":{"rendered":"<h6>Das Verlagsprogramm<\/h6>\n<p>Es ist endlich da, wir haben ein Verlagsprogramm. Nein, Vorschau nennen wir es nicht, da wir anders als gro\u00dfe Verlage nicht zweimal im Jahr viele B\u00fccher herausbringen. Wir sind eher &#8211; on the go &#8211; und vor allem sind B\u00fccher bei uns immergr\u00fcn. Also immer verf\u00fcgbar.<\/p>\n<p>Wenn ihr euch das Programm anseht, werdet ihr merken, dass das Progamm ein wenig anders ist als bei anderen Verlagen. Ein Heft, ein B\u00fcchlein, ein bunter Katalog mit Interviews. Gleichwohl haben wir uns die W\u00fcnsche von Buchh\u00e4ndler*innen sehr zu Herzen genommen und es gibt ISBNs und weitere Infos, die f\u00fcr eine Bestellung im Buchhandel relevant sind.<\/p>\n<h6>Aber nun &#8211; voila!<\/h6>\n<div data-url=\"https:\/\/issuu.com\/redbugbooks\/docs\/verlagsprogramm_red_bug_books_f_r_web\" style=\"width: 1080px; height: 766px;\" class=\"issuuembed\"><\/div>\n<p><script type=\"text\/javascript\" src=\"\/\/e.issuu.com\/embed.js\" async=\"true\"><\/script><\/p>\n<p>Dieses Heftchen gibt es nicht nur digital, sondern auch gedruckt. Unsere kleine Auflage geht an unsere Lieblingsbuchh\u00e4ndler*innen, ist nat\u00fcrlich auch \u00fcber uns kostenlos bestellbar (solange der Vorrat reicht) und wird st\u00e4ndig aktualisiert werden.<\/p>\n<h6>Unterst\u00fctzung und Dank<\/h6>\n<p>Diese kleine Kraftanstrengung w\u00e4re nicht ohne zwei gro\u00dfe Unterst\u00fctzer*innen zu realisieren gewesen.<\/p>\n<ol>\n<li>Die Stadt Potsdam, die dieses Projekt mit einem projektgebundenen Zuschuss gef\u00f6rdert hat. <a href=\"http:\/\/vv.potsdam.de\/vv\/\">Danke!<\/a><\/li>\n<li>Das <a href=\"http:\/\/iffy-studio.de\">Iffy-Studio<\/a>. Zwei geniale Markenkommunikatoren, Texter, (Schrift-)Gestalter, die uns zugeh\u00f6rt haben und das sch\u00f6nste und beste aus unseren (chaotischen) W\u00fcnschen gemacht haben.<\/li>\n<\/ol>\n<h6>Finalisten beim BUBLA 2019<\/h6>\n<p>F\u00fcr uns ist heute \u00fcbrigens ein besonderer Tag, da wir \u00a0&#8211; yeah! &#8211; einer der f\u00fcnf Verlagsblog-Finalisten f\u00fcr den BUBLA 2019 sind. Also den Buchblog Award.<a href=\"https:\/\/www.redbug-culture.com\/blog\/wp-content\/uploads\/2019\/09\/Finalist-Bubla19-1.png\"><img loading=\"lazy\" decoding=\"async\" class=\"alignright wp-image-17152 size-medium\" title=\"Verlagsprogramm Red Bug Books\" src=\"https:\/\/www.redbug-culture.com\/blog\/wp-content\/uploads\/2019\/09\/Finalist-Bubla19-1-300x300.png\" alt=\"\" width=\"300\" height=\"300\" srcset=\"https:\/\/www.redbug-culture.com\/blog\/wp-content\/uploads\/2019\/09\/Finalist-Bubla19-1-300x300.png 300w, https:\/\/www.redbug-culture.com\/blog\/wp-content\/uploads\/2019\/09\/Finalist-Bubla19-1-150x150.png 150w, https:\/\/www.redbug-culture.com\/blog\/wp-content\/uploads\/2019\/09\/Finalist-Bubla19-1-768x768.png 768w, https:\/\/www.redbug-culture.com\/blog\/wp-content\/uploads\/2019\/09\/Finalist-Bubla19-1-1024x1024.png 1024w, https:\/\/www.redbug-culture.com\/blog\/wp-content\/uploads\/2019\/09\/Finalist-Bubla19-1-940x940.png 940w, https:\/\/www.redbug-culture.com\/blog\/wp-content\/uploads\/2019\/09\/Finalist-Bubla19-1.png 1250w\" sizes=\"auto, (max-width: 300px) 100vw, 300px\" \/><\/a><\/p>\n<p>Hei\u00dft, wir werden am 18. Oktober um 12 Uhr auf der Buchmesse in Frankfurt\/Main sein und werden erfahren, wer der Gewinner ist. (Denn der steht schon fest, wird aber noch nicht verraten).<\/p>\n<p>An dieser Stelle ein superdupper gro\u00dfer Dank an alle, die wir im letzten Newsletter ganz freundlich um ihre Stimme gebeten haben, und die tats\u00e4chlich f\u00fcr uns abgestimmt haben. Merci.<\/p>\n<p>So und &#8211; ja, ihm &#8230; was isst noch mal mit userer Website? Ja, die liegt immer noch <em>under construction<\/em>, sollte aber bis zur Buchmesse fertig sein. Versprochen!<\/p>\n","protected":false},"excerpt":{"rendered":"<p>Das Verlagsprogramm Es ist endlich da, wir haben ein Verlagsprogramm. Nein, Vorschau nennen wir es nicht, da wir anders als gro\u00dfe Verlage nicht zweimal im Jahr viele B\u00fccher herausbringen. Wir sind eher &#8211; on the go &#8211; und vor allem sind B\u00fccher bei uns immergr\u00fcn. Also immer verf\u00fcgbar. Wenn ihr euch das Programm anseht, werdet ihr merken, dass das Progamm ein wenig anders ist als bei anderen Verlagen. Ein Heft, ein B\u00fcchlein, ein bunter Katalog mit Interviews. Gleichwohl haben wir uns die W\u00fcnsche von Buchh\u00e4ndler*innen sehr zu Herzen genommen und es gibt ISBNs und weitere Infos, die f\u00fcr eine Bestellung im Buchhandel relevant sind. Aber nun &#8211; voila! Dieses Heftchen gibt es nicht nur digital, sondern auch gedruckt. Unsere kleine Auflage geht an unsere Lieblingsbuchh\u00e4ndler*innen, ist nat\u00fcrlich auch \u00fcber uns kostenlos bestellbar (solange der Vorrat reicht) und wird st\u00e4ndig aktualisiert werden. Unterst\u00fctzung und Dank Diese kleine Kraftanstrengung w\u00e4re nicht ohne zwei gro\u00dfe Unterst\u00fctzer*innen zu realisieren gewesen. Die Stadt Potsdam, die dieses Projekt mit einem projektgebundenen Zuschuss gef\u00f6rdert hat. Danke! Das Iffy-Studio. Zwei geniale Markenkommunikatoren, Texter, (Schrift-)Gestalter, die uns zugeh\u00f6rt haben und das sch\u00f6nste und beste aus unseren (chaotischen) W\u00fcnschen gemacht haben. Finalisten beim BUBLA 2019 F\u00fcr uns ist heute \u00fcbrigens [&hellip;]<\/p>\n","protected":false},"author":7,"featured_media":17155,"comment_status":"open","ping_status":"open","sticky":false,"template":"","format":"standard","meta":{"footnotes":"","_links_to":"","_links_to_target":""},"categories":[7,453],"tags":[557,119,558],"class_list":["post-16914","post","type-post","status-publish","format-standard","has-post-thumbnail","hentry","category-red-bug-books","category-red-bug-relaunch","tag-bubla19","tag-red-bug-books","tag-verlagsprogramm"],"yoast_head":"<!-- This site is optimized with the Yoast SEO plugin v27.4 - https:\/\/yoast.com\/product\/yoast-seo-wordpress\/ -->\n<title>RED BUG BOOKS Relaunch #4 Das Verlagsprogramm - Red Bug Culture - Schreiben, Ver\u00f6ffentlichen, Kurse<\/title>\n<meta name=\"description\" content=\"Verlagsprogramm - ja, es ist endlich da. Gedruckt und digital, ansehbar und einsehrbar. Lesbar und bestellbar. B\u00fcche rund E-Books, ein Fest f\u00fcr die Sinne.\" \/>\n<meta name=\"robots\" content=\"index, follow, max-snippet:-1, max-image-preview:large, max-video-preview:-1\" \/>\n<link rel=\"canonical\" href=\"https:\/\/www.redbug-culture.com\/blog\/2019\/09\/red-bug-books-relaunch-4-das-verlagsprogramm\/\" \/>\n<meta property=\"og:locale\" content=\"de_DE\" \/>\n<meta property=\"og:type\" content=\"article\" \/>\n<meta property=\"og:title\" content=\"RED BUG BOOKS Relaunch #4 Das Verlagsprogramm - Red Bug Culture - Schreiben, Ver\u00f6ffentlichen, Kurse\" \/>\n<meta property=\"og:description\" content=\"Verlagsprogramm - ja, es ist endlich da. Gedruckt und digital, ansehbar und einsehrbar. Lesbar und bestellbar. B\u00fcche rund E-Books, ein Fest f\u00fcr die Sinne.\" \/>\n<meta property=\"og:url\" content=\"https:\/\/www.redbug-culture.com\/blog\/2019\/09\/red-bug-books-relaunch-4-das-verlagsprogramm\/\" \/>\n<meta property=\"og:site_name\" content=\"Red Bug Culture - Schreiben, Ver\u00f6ffentlichen, Kurse\" \/>\n<meta property=\"article:publisher\" content=\"https:\/\/www.facebook.com\/RedBugBooks\" \/>\n<meta property=\"article:published_time\" content=\"2019-09-10T14:36:52+00:00\" \/>\n<meta property=\"og:image\" content=\"https:\/\/www.redbug-culture.com\/blog\/wp-content\/uploads\/2019\/09\/banner-culture-relaunch_4.png\" \/>\n\t<meta property=\"og:image:width\" content=\"740\" \/>\n\t<meta property=\"og:image:height\" content=\"493\" \/>\n\t<meta property=\"og:image:type\" content=\"image\/png\" \/>\n<meta name=\"author\" content=\"Redbug Team\" \/>\n<meta name=\"twitter:card\" content=\"summary_large_image\" \/>\n<meta name=\"twitter:creator\" content=\"@RedBugBooks\" \/>\n<meta name=\"twitter:site\" content=\"@RedBugBooks\" \/>\n<meta name=\"twitter:label1\" content=\"Verfasst von\" \/>\n\t<meta name=\"twitter:data1\" content=\"Redbug Team\" \/>\n\t<meta name=\"twitter:label2\" content=\"Gesch\u00e4tzte Lesezeit\" \/>\n\t<meta name=\"twitter:data2\" content=\"2\u00a0Minuten\" \/>\n<script type=\"application\/ld+json\" class=\"yoast-schema-graph\">{\"@context\":\"https:\\\/\\\/schema.org\",\"@graph\":[{\"@type\":\"Article\",\"@id\":\"https:\\\/\\\/www.redbug-culture.com\\\/blog\\\/2019\\\/09\\\/red-bug-books-relaunch-4-das-verlagsprogramm\\\/#article\",\"isPartOf\":{\"@id\":\"https:\\\/\\\/www.redbug-culture.com\\\/blog\\\/2019\\\/09\\\/red-bug-books-relaunch-4-das-verlagsprogramm\\\/\"},\"author\":{\"name\":\"Redbug Team\",\"@id\":\"https:\\\/\\\/www.redbug-culture.com\\\/blog\\\/#\\\/schema\\\/person\\\/70bd9b5d78de965c9a450a6433d6432f\"},\"headline\":\"RED BUG BOOKS Relaunch #4 Das Verlagsprogramm\",\"datePublished\":\"2019-09-10T14:36:52+00:00\",\"mainEntityOfPage\":{\"@id\":\"https:\\\/\\\/www.redbug-culture.com\\\/blog\\\/2019\\\/09\\\/red-bug-books-relaunch-4-das-verlagsprogramm\\\/\"},\"wordCount\":355,\"commentCount\":0,\"image\":{\"@id\":\"https:\\\/\\\/www.redbug-culture.com\\\/blog\\\/2019\\\/09\\\/red-bug-books-relaunch-4-das-verlagsprogramm\\\/#primaryimage\"},\"thumbnailUrl\":\"https:\\\/\\\/www.redbug-culture.com\\\/blog\\\/wp-content\\\/uploads\\\/2019\\\/09\\\/banner-culture-relaunch_4.png\",\"keywords\":[\"Bubla19\",\"Red Bug Books\",\"Verlagsprogramm\"],\"articleSection\":[\"Red Bug Books\",\"Red Bug Relaunch\"],\"inLanguage\":\"de\",\"potentialAction\":[{\"@type\":\"CommentAction\",\"name\":\"Comment\",\"target\":[\"https:\\\/\\\/www.redbug-culture.com\\\/blog\\\/2019\\\/09\\\/red-bug-books-relaunch-4-das-verlagsprogramm\\\/#respond\"]}]},{\"@type\":\"WebPage\",\"@id\":\"https:\\\/\\\/www.redbug-culture.com\\\/blog\\\/2019\\\/09\\\/red-bug-books-relaunch-4-das-verlagsprogramm\\\/\",\"url\":\"https:\\\/\\\/www.redbug-culture.com\\\/blog\\\/2019\\\/09\\\/red-bug-books-relaunch-4-das-verlagsprogramm\\\/\",\"name\":\"RED BUG BOOKS Relaunch #4 Das Verlagsprogramm - Red Bug Culture - Schreiben, Ver\u00f6ffentlichen, Kurse\",\"isPartOf\":{\"@id\":\"https:\\\/\\\/www.redbug-culture.com\\\/blog\\\/#website\"},\"primaryImageOfPage\":{\"@id\":\"https:\\\/\\\/www.redbug-culture.com\\\/blog\\\/2019\\\/09\\\/red-bug-books-relaunch-4-das-verlagsprogramm\\\/#primaryimage\"},\"image\":{\"@id\":\"https:\\\/\\\/www.redbug-culture.com\\\/blog\\\/2019\\\/09\\\/red-bug-books-relaunch-4-das-verlagsprogramm\\\/#primaryimage\"},\"thumbnailUrl\":\"https:\\\/\\\/www.redbug-culture.com\\\/blog\\\/wp-content\\\/uploads\\\/2019\\\/09\\\/banner-culture-relaunch_4.png\",\"datePublished\":\"2019-09-10T14:36:52+00:00\",\"author\":{\"@id\":\"https:\\\/\\\/www.redbug-culture.com\\\/blog\\\/#\\\/schema\\\/person\\\/70bd9b5d78de965c9a450a6433d6432f\"},\"description\":\"Verlagsprogramm - ja, es ist endlich da. Gedruckt und digital, ansehbar und einsehrbar. Lesbar und bestellbar. B\u00fcche rund E-Books, ein Fest f\u00fcr die Sinne.\",\"breadcrumb\":{\"@id\":\"https:\\\/\\\/www.redbug-culture.com\\\/blog\\\/2019\\\/09\\\/red-bug-books-relaunch-4-das-verlagsprogramm\\\/#breadcrumb\"},\"inLanguage\":\"de\",\"potentialAction\":[{\"@type\":\"ReadAction\",\"target\":[\"https:\\\/\\\/www.redbug-culture.com\\\/blog\\\/2019\\\/09\\\/red-bug-books-relaunch-4-das-verlagsprogramm\\\/\"]}]},{\"@type\":\"ImageObject\",\"inLanguage\":\"de\",\"@id\":\"https:\\\/\\\/www.redbug-culture.com\\\/blog\\\/2019\\\/09\\\/red-bug-books-relaunch-4-das-verlagsprogramm\\\/#primaryimage\",\"url\":\"https:\\\/\\\/www.redbug-culture.com\\\/blog\\\/wp-content\\\/uploads\\\/2019\\\/09\\\/banner-culture-relaunch_4.png\",\"contentUrl\":\"https:\\\/\\\/www.redbug-culture.com\\\/blog\\\/wp-content\\\/uploads\\\/2019\\\/09\\\/banner-culture-relaunch_4.png\",\"width\":740,\"height\":493},{\"@type\":\"BreadcrumbList\",\"@id\":\"https:\\\/\\\/www.redbug-culture.com\\\/blog\\\/2019\\\/09\\\/red-bug-books-relaunch-4-das-verlagsprogramm\\\/#breadcrumb\",\"itemListElement\":[{\"@type\":\"ListItem\",\"position\":1,\"name\":\"Startseite\",\"item\":\"https:\\\/\\\/www.redbug-culture.com\\\/blog\\\/\"},{\"@type\":\"ListItem\",\"position\":2,\"name\":\"RED BUG BOOKS Relaunch #4 Das Verlagsprogramm\"}]},{\"@type\":\"WebSite\",\"@id\":\"https:\\\/\\\/www.redbug-culture.com\\\/blog\\\/#website\",\"url\":\"https:\\\/\\\/www.redbug-culture.com\\\/blog\\\/\",\"name\":\"Red Bug Culture - Schreiben, Ver\u00f6ffentlichen, Kurse\",\"description\":\"Tipps &amp; Coaching f\u00fcr Autor:innen, Rezensionen\",\"potentialAction\":[{\"@type\":\"SearchAction\",\"target\":{\"@type\":\"EntryPoint\",\"urlTemplate\":\"https:\\\/\\\/www.redbug-culture.com\\\/blog\\\/?s={search_term_string}\"},\"query-input\":{\"@type\":\"PropertyValueSpecification\",\"valueRequired\":true,\"valueName\":\"search_term_string\"}}],\"inLanguage\":\"de\"},{\"@type\":\"Person\",\"@id\":\"https:\\\/\\\/www.redbug-culture.com\\\/blog\\\/#\\\/schema\\\/person\\\/70bd9b5d78de965c9a450a6433d6432f\",\"name\":\"Redbug Team\",\"image\":{\"@type\":\"ImageObject\",\"inLanguage\":\"de\",\"@id\":\"https:\\\/\\\/secure.gravatar.com\\\/avatar\\\/0440aa5109041d0568368806ebdee48ef4dc336ddf1f29103dce7fd12b8f5bcc?s=96&d=mm&r=g\",\"url\":\"https:\\\/\\\/secure.gravatar.com\\\/avatar\\\/0440aa5109041d0568368806ebdee48ef4dc336ddf1f29103dce7fd12b8f5bcc?s=96&d=mm&r=g\",\"contentUrl\":\"https:\\\/\\\/secure.gravatar.com\\\/avatar\\\/0440aa5109041d0568368806ebdee48ef4dc336ddf1f29103dce7fd12b8f5bcc?s=96&d=mm&r=g\",\"caption\":\"Redbug Team\"},\"url\":\"https:\\\/\\\/www.redbug-culture.com\\\/blog\\\/author\\\/redbug-team\\\/\"}]}<\/script>\n<!-- \/ Yoast SEO plugin. -->","yoast_head_json":{"title":"RED BUG BOOKS Relaunch #4 Das Verlagsprogramm - Red Bug Culture - Schreiben, Ver\u00f6ffentlichen, Kurse","description":"Verlagsprogramm - ja, es ist endlich da. Gedruckt und digital, ansehbar und einsehrbar. Lesbar und bestellbar. B\u00fcche rund E-Books, ein Fest f\u00fcr die Sinne.","robots":{"index":"index","follow":"follow","max-snippet":"max-snippet:-1","max-image-preview":"max-image-preview:large","max-video-preview":"max-video-preview:-1"},"canonical":"https:\/\/www.redbug-culture.com\/blog\/2019\/09\/red-bug-books-relaunch-4-das-verlagsprogramm\/","og_locale":"de_DE","og_type":"article","og_title":"RED BUG BOOKS Relaunch #4 Das Verlagsprogramm - Red Bug Culture - Schreiben, Ver\u00f6ffentlichen, Kurse","og_description":"Verlagsprogramm - ja, es ist endlich da. Gedruckt und digital, ansehbar und einsehrbar. Lesbar und bestellbar. B\u00fcche rund E-Books, ein Fest f\u00fcr die Sinne.","og_url":"https:\/\/www.redbug-culture.com\/blog\/2019\/09\/red-bug-books-relaunch-4-das-verlagsprogramm\/","og_site_name":"Red Bug Culture - Schreiben, Ver\u00f6ffentlichen, Kurse","article_publisher":"https:\/\/www.facebook.com\/RedBugBooks","article_published_time":"2019-09-10T14:36:52+00:00","og_image":[{"width":740,"height":493,"url":"https:\/\/www.redbug-culture.com\/blog\/wp-content\/uploads\/2019\/09\/banner-culture-relaunch_4.png","type":"image\/png"}],"author":"Redbug Team","twitter_card":"summary_large_image","twitter_creator":"@RedBugBooks","twitter_site":"@RedBugBooks","twitter_misc":{"Verfasst von":"Redbug Team","Gesch\u00e4tzte Lesezeit":"2\u00a0Minuten"},"schema":{"@context":"https:\/\/schema.org","@graph":[{"@type":"Article","@id":"https:\/\/www.redbug-culture.com\/blog\/2019\/09\/red-bug-books-relaunch-4-das-verlagsprogramm\/#article","isPartOf":{"@id":"https:\/\/www.redbug-culture.com\/blog\/2019\/09\/red-bug-books-relaunch-4-das-verlagsprogramm\/"},"author":{"name":"Redbug Team","@id":"https:\/\/www.redbug-culture.com\/blog\/#\/schema\/person\/70bd9b5d78de965c9a450a6433d6432f"},"headline":"RED BUG BOOKS Relaunch #4 Das Verlagsprogramm","datePublished":"2019-09-10T14:36:52+00:00","mainEntityOfPage":{"@id":"https:\/\/www.redbug-culture.com\/blog\/2019\/09\/red-bug-books-relaunch-4-das-verlagsprogramm\/"},"wordCount":355,"commentCount":0,"image":{"@id":"https:\/\/www.redbug-culture.com\/blog\/2019\/09\/red-bug-books-relaunch-4-das-verlagsprogramm\/#primaryimage"},"thumbnailUrl":"https:\/\/www.redbug-culture.com\/blog\/wp-content\/uploads\/2019\/09\/banner-culture-relaunch_4.png","keywords":["Bubla19","Red Bug Books","Verlagsprogramm"],"articleSection":["Red Bug Books","Red Bug Relaunch"],"inLanguage":"de","potentialAction":[{"@type":"CommentAction","name":"Comment","target":["https:\/\/www.redbug-culture.com\/blog\/2019\/09\/red-bug-books-relaunch-4-das-verlagsprogramm\/#respond"]}]},{"@type":"WebPage","@id":"https:\/\/www.redbug-culture.com\/blog\/2019\/09\/red-bug-books-relaunch-4-das-verlagsprogramm\/","url":"https:\/\/www.redbug-culture.com\/blog\/2019\/09\/red-bug-books-relaunch-4-das-verlagsprogramm\/","name":"RED BUG BOOKS Relaunch #4 Das Verlagsprogramm - Red Bug Culture - Schreiben, Ver\u00f6ffentlichen, Kurse","isPartOf":{"@id":"https:\/\/www.redbug-culture.com\/blog\/#website"},"primaryImageOfPage":{"@id":"https:\/\/www.redbug-culture.com\/blog\/2019\/09\/red-bug-books-relaunch-4-das-verlagsprogramm\/#primaryimage"},"image":{"@id":"https:\/\/www.redbug-culture.com\/blog\/2019\/09\/red-bug-books-relaunch-4-das-verlagsprogramm\/#primaryimage"},"thumbnailUrl":"https:\/\/www.redbug-culture.com\/blog\/wp-content\/uploads\/2019\/09\/banner-culture-relaunch_4.png","datePublished":"2019-09-10T14:36:52+00:00","author":{"@id":"https:\/\/www.redbug-culture.com\/blog\/#\/schema\/person\/70bd9b5d78de965c9a450a6433d6432f"},"description":"Verlagsprogramm - ja, es ist endlich da. Gedruckt und digital, ansehbar und einsehrbar. Lesbar und bestellbar. B\u00fcche rund E-Books, ein Fest f\u00fcr die Sinne.","breadcrumb":{"@id":"https:\/\/www.redbug-culture.com\/blog\/2019\/09\/red-bug-books-relaunch-4-das-verlagsprogramm\/#breadcrumb"},"inLanguage":"de","potentialAction":[{"@type":"ReadAction","target":["https:\/\/www.redbug-culture.com\/blog\/2019\/09\/red-bug-books-relaunch-4-das-verlagsprogramm\/"]}]},{"@type":"ImageObject","inLanguage":"de","@id":"https:\/\/www.redbug-culture.com\/blog\/2019\/09\/red-bug-books-relaunch-4-das-verlagsprogramm\/#primaryimage","url":"https:\/\/www.redbug-culture.com\/blog\/wp-content\/uploads\/2019\/09\/banner-culture-relaunch_4.png","contentUrl":"https:\/\/www.redbug-culture.com\/blog\/wp-content\/uploads\/2019\/09\/banner-culture-relaunch_4.png","width":740,"height":493},{"@type":"BreadcrumbList","@id":"https:\/\/www.redbug-culture.com\/blog\/2019\/09\/red-bug-books-relaunch-4-das-verlagsprogramm\/#breadcrumb","itemListElement":[{"@type":"ListItem","position":1,"name":"Startseite","item":"https:\/\/www.redbug-culture.com\/blog\/"},{"@type":"ListItem","position":2,"name":"RED BUG BOOKS Relaunch #4 Das Verlagsprogramm"}]},{"@type":"WebSite","@id":"https:\/\/www.redbug-culture.com\/blog\/#website","url":"https:\/\/www.redbug-culture.com\/blog\/","name":"Red Bug Culture - Schreiben, Ver\u00f6ffentlichen, Kurse","description":"Tipps &amp; Coaching f\u00fcr Autor:innen, Rezensionen","potentialAction":[{"@type":"SearchAction","target":{"@type":"EntryPoint","urlTemplate":"https:\/\/www.redbug-culture.com\/blog\/?s={search_term_string}"},"query-input":{"@type":"PropertyValueSpecification","valueRequired":true,"valueName":"search_term_string"}}],"inLanguage":"de"},{"@type":"Person","@id":"https:\/\/www.redbug-culture.com\/blog\/#\/schema\/person\/70bd9b5d78de965c9a450a6433d6432f","name":"Redbug Team","image":{"@type":"ImageObject","inLanguage":"de","@id":"https:\/\/secure.gravatar.com\/avatar\/0440aa5109041d0568368806ebdee48ef4dc336ddf1f29103dce7fd12b8f5bcc?s=96&d=mm&r=g","url":"https:\/\/secure.gravatar.com\/avatar\/0440aa5109041d0568368806ebdee48ef4dc336ddf1f29103dce7fd12b8f5bcc?s=96&d=mm&r=g","contentUrl":"https:\/\/secure.gravatar.com\/avatar\/0440aa5109041d0568368806ebdee48ef4dc336ddf1f29103dce7fd12b8f5bcc?s=96&d=mm&r=g","caption":"Redbug Team"},"url":"https:\/\/www.redbug-culture.com\/blog\/author\/redbug-team\/"}]}},"_links":{"self":[{"href":"https:\/\/www.redbug-culture.com\/blog\/wp-json\/wp\/v2\/posts\/16914","targetHints":{"allow":["GET"]}}],"collection":[{"href":"https:\/\/www.redbug-culture.com\/blog\/wp-json\/wp\/v2\/posts"}],"about":[{"href":"https:\/\/www.redbug-culture.com\/blog\/wp-json\/wp\/v2\/types\/post"}],"author":[{"embeddable":true,"href":"https:\/\/www.redbug-culture.com\/blog\/wp-json\/wp\/v2\/users\/7"}],"replies":[{"embeddable":true,"href":"https:\/\/www.redbug-culture.com\/blog\/wp-json\/wp\/v2\/comments?post=16914"}],"version-history":[{"count":0,"href":"https:\/\/www.redbug-culture.com\/blog\/wp-json\/wp\/v2\/posts\/16914\/revisions"}],"wp:featuredmedia":[{"embeddable":true,"href":"https:\/\/www.redbug-culture.com\/blog\/wp-json\/wp\/v2\/media\/17155"}],"wp:attachment":[{"href":"https:\/\/www.redbug-culture.com\/blog\/wp-json\/wp\/v2\/media?parent=16914"}],"wp:term":[{"taxonomy":"category","embeddable":true,"href":"https:\/\/www.redbug-culture.com\/blog\/wp-json\/wp\/v2\/categories?post=16914"},{"taxonomy":"post_tag","embeddable":true,"href":"https:\/\/www.redbug-culture.com\/blog\/wp-json\/wp\/v2\/tags?post=16914"}],"curies":[{"name":"wp","href":"https:\/\/api.w.org\/{rel}","templated":true}]}}