{"id":10583,"date":"2017-09-08T10:04:03","date_gmt":"2017-09-08T08:04:03","guid":{"rendered":"https:\/\/www.redbug-culture.com\/blog\/?p=10583"},"modified":"2017-09-13T19:03:48","modified_gmt":"2017-09-13T17:03:48","slug":"martin-luther-36-martinstag","status":"publish","type":"post","link":"https:\/\/www.redbug-culture.com\/blog\/2017\/09\/martin-luther-36-martinstag\/","title":{"rendered":"Martin Luther #36 Martinstag"},"content":{"rendered":"<p class=\"p1\"><span class=\"s1\">Im Nebel eines kalten Novemberabends stapfte ich, tief in Gedanken versunken, durch den Schlosspark Charlottenburg. Der kalte Kies unter meinen Stiefeln knirschte leise und die Umrisse der B\u00e4ume verschwammen mit dem Dunkelblau des Himmels. Von irgendwoher konnte ich die Stra\u00dfe h\u00f6ren, ein schlammiges Rauschen am Rande meiner Wahrnehmung. Ansonsten lag eine unheimliche Stille \u00fcber dem Park. Der Winter hatte seine Besucher fest im Griff. Ich hatte die H\u00e4nde in den Taschen vergraben.Trabte wie in Trance zum Takt meiner eigenen Schritte. Mein Ziel war das Schloss. Einen Blick auf die milchig wei\u00dfe Fassade zu werfen, die gespensterhaft im Zwielicht leuchtete. Pl\u00f6tzlich hielt ich an. Ruckartig und \u00fcberrascht von meiner eigenen Existenz. Ich hatte etwas geh\u00f6rt. <\/span><\/p>\n<p class=\"p1\"><span class=\"s1\">Ein Knacken und Knistern, dicht hinter mir. Nerv\u00f6s sp\u00e4hte ich um mich herum, in die dichter werdende Finsternis. Doch nichts. Vielleicht, war es nur das Knacken meiner Gedanken gewesen, die sich einen Weg durch meine Synapsen fra\u00dfen. Kopfsch\u00fcttelnd ging ich weiter. Die Schultern hochgezogen, das Karussell wieder angeschmissen. Ich war gerade um die Ecke gebogen und sah das Schloss mit seiner dunklen Kuppel in meinem Sichtfeld auftauchen, da riss mich erneut ein Ger\u00e4usch aus dem Takt. Jetzt hatte ich es ganz deutlich geh\u00f6rt. Ein Fl\u00fcstern und Raunen. Leise aber bestimmt. Ich fuhr herum. Hinter mir rauschten die B\u00e4ume. Dunkle Schatten. Lachten mich aus. Eine Weile lang stand ich so da. Starrte blicklos in die Landschaft, die langsam von der Dunkelheit verschluckt wurde. Eine G\u00e4nsehaut kroch mir \u00fcber den Nacken, ich schauderte, vergrub das Kinn im Schal. Was soll&#8217;s. Ich wollte zum Schloss. Es gab einen ganz bestimmten Punkt, von dem aus man sich direkt gegen\u00fcber vom gro\u00dfen Fenster befand, in dem in der Weihnachtszeit ein Baum blinkte. Jetzt war da nur Dunkelheit. <\/span><\/p>\n<p class=\"p1\"><span class=\"s1\">Ich stellte mich, mit den Stiefelspitzen auf dem Rasen, an meine Position und begutachtete das gro\u00dfe Geb\u00e4ude. Wie seltsam leer ein unbewohntes Schloss aussah. Es knackte erneut. Und dieses Mal jagte mir das Ger\u00e4usch einen Schauer \u00fcber den R\u00fccken, der mich in Bewegung setzte. Ohne dass ich verstand was ich tat, war ich schon losgerannt. Die kalten H\u00e4nde zu F\u00e4usten geballt. Hei\u00dfe und kalte Schauer jagten mich bis zu einem Punkt hinter den B\u00e4umen, an dem ich keuchend inne hielt. Ich zog mir die M\u00fctze tiefer \u00fcber die Ohren. Mein Herz klopfte wild. Hier war ich in Sicherheit. Und dann sah ich sie. Erst eins, tauchte in weiter Entfernung aus dem Wald auf. Dann ein zweites. Und w\u00e4hrend ich noch dastand und mein Atem hektische kleine W\u00f6lkchen vor meinem Gesicht bildete, folgten drei, vier, f\u00fcnf. Eine ganze Gruppe von baumelnden k\u00f6rperlosen Lichtern, die in stummer Prozession durch den Park wandelten. Ich sp\u00e4hte hin\u00fcber. Und musste grinsen. <\/span><\/p>\n<p class=\"p1\"><span class=\"s1\">Hinter jedem gelben Licht sah ich ein kleines Gesicht, mit konzentrierter Miene auf die kleine Kerze sp\u00e4hend, die an einem langen Holzstock befestigt in der selbstgebastelten Laterne brannte. Gro\u00dfe, lange Schatten begleiteten die vielen ernsten Tr\u00e4ger, lachten und plauderten und sangen den Text vor, der zwischen Rotznasengeschniefe und Thermoskannengel\u00e4ut immer wiederholt wurde.<br \/>\nMeins ist ausgegangen Papa! Ein atemloses Keuchen, schockiertes in die Lampe sp\u00e4hen. Dann das Zischen eines Feuerzeugs. Magie. Die Laterne leuchtet. <\/span><\/p>\n<p class=\"p1\"><span class=\"s1\">Die Prozession zieht jetzt dicht an mir vor\u00fcber und ich trete einen Schritt zur\u00fcck, als w\u00fcrde ich ihnen Platz machen. Dabei kann keiner mich sehen, in der Dunkelheit hinter den B\u00e4umen. Ich trete auf einen Ast, der leise knackend zerbricht. Das M\u00e4dchen dreht sich um. Starrt mit weit offenen Augen in die Richtung aus der das Ger\u00e4usch gekommen ist. Dann wendet sie sich ab, schmiegt sich an Papas Arm. <i>Laterne, Laterne<\/i> klingt es noch lange in meinen Ohren wieder. W\u00e4hrend ich, seltsam gl\u00fccklich, durch den dunklen Park nach Hause wandere.<\/span><\/p>\n<h6>Martinstag<\/h6>\n<p class=\"p1\"><span class=\"s1\">Martin Luther wurde an einem Tag getauft, der zu seinerzeit<span class=\"Apple-converted-space\">\u00a0 <\/span>den Anfang der Fastenzeit markierte. Das letzte Gro\u00dfe Festessen bevor bis Weihnachten gefastet wurde. Und gleichzeitig war <a href=\"https:\/\/de.wikipedia.org\/wiki\/Martinstag\"><i>Martini<\/i><\/a>, das Ende des Bauernwirtschaftsjahres, das Vieh wurde von den Weiden geholt und die Steuern waren f\u00e4llig. Irgendwie passend, dass Martins Namenstag einen Tag kennzeichnet, der traditionell das Ende einer ertragreichen Sommerzeit und den Anfang des strengen Winters einl\u00e4utete. Stellen und Vertr\u00e4ge liefen bis zu diesen Tag aus, und die <a href=\"https:\/\/www.redbug-culture.com\/blog\/2017\/08\/martin-luther-35-musik\/\">Festlichkeiten<\/a> waren der Abschied vom warmen \u00dcberschwang des Sommers. Ab jetzt waren Zahlungen zu entrichten, sittsam zu fasten und in der Stille des Winters <a href=\"https:\/\/www.redbug-culture.com\/blog\/2017\/08\/martin-luther-31-luthers-spiritualitaet\/\">nachzudenken<\/a>. Ein Neuanfang.<\/span><\/p>\n","protected":false},"excerpt":{"rendered":"<p>Im Nebel eines kalten Novemberabends stapfte ich, tief in Gedanken versunken, durch den Schlosspark Charlottenburg. Der kalte Kies unter meinen Stiefeln knirschte leise und die Umrisse der B\u00e4ume verschwammen mit dem Dunkelblau des Himmels. Von irgendwoher konnte ich die Stra\u00dfe h\u00f6ren, ein schlammiges Rauschen am Rande meiner Wahrnehmung. Ansonsten lag eine unheimliche Stille \u00fcber dem Park. Der Winter hatte seine Besucher fest im Griff. Ich hatte die H\u00e4nde in den Taschen vergraben.Trabte wie in Trance zum Takt meiner eigenen Schritte. Mein Ziel war das Schloss. Einen Blick auf die milchig wei\u00dfe Fassade zu werfen, die gespensterhaft im Zwielicht leuchtete. Pl\u00f6tzlich hielt ich an. Ruckartig und \u00fcberrascht von meiner eigenen Existenz. Ich hatte etwas geh\u00f6rt. Ein Knacken und Knistern, dicht hinter mir. Nerv\u00f6s sp\u00e4hte ich um mich herum, in die dichter werdende Finsternis. Doch nichts. Vielleicht, war es nur das Knacken meiner Gedanken gewesen, die sich einen Weg durch meine Synapsen fra\u00dfen. Kopfsch\u00fcttelnd ging ich weiter. Die Schultern hochgezogen, das Karussell wieder angeschmissen. Ich war gerade um die Ecke gebogen und sah das Schloss mit seiner dunklen Kuppel in meinem Sichtfeld auftauchen, da riss mich erneut ein Ger\u00e4usch aus dem Takt. Jetzt hatte ich es ganz deutlich geh\u00f6rt. Ein Fl\u00fcstern und [&hellip;]<\/p>\n","protected":false},"author":8,"featured_media":10584,"comment_status":"open","ping_status":"open","sticky":false,"template":"","format":"standard","meta":{"footnotes":"","_links_to":"","_links_to_target":""},"categories":[287],"tags":[],"class_list":["post-10583","post","type-post","status-publish","format-standard","has-post-thumbnail","hentry","category-martin-luther-2017"],"yoast_head":"<!-- This site is optimized with the Yoast SEO plugin v27.4 - https:\/\/yoast.com\/product\/yoast-seo-wordpress\/ -->\n<title>Martin Luther #36 Martinstag - Red Bug Culture - Schreiben, Ver\u00f6ffentlichen, Kurse<\/title>\n<meta name=\"description\" content=\"Martinstag - Irgendwie passend, dass Martins Namenstag traditionell das Ende der ertragreichen Sommerzeit und den Anfang des strengen Winters einl\u00e4utete.\" \/>\n<meta name=\"robots\" content=\"index, follow, max-snippet:-1, max-image-preview:large, max-video-preview:-1\" \/>\n<link rel=\"canonical\" href=\"https:\/\/www.redbug-culture.com\/blog\/2017\/09\/martin-luther-36-martinstag\/\" \/>\n<meta property=\"og:locale\" content=\"de_DE\" \/>\n<meta property=\"og:type\" content=\"article\" \/>\n<meta property=\"og:title\" content=\"Martin Luther #36 Martinstag - Red Bug Culture - Schreiben, Ver\u00f6ffentlichen, Kurse\" \/>\n<meta property=\"og:description\" content=\"Martinstag - Irgendwie passend, dass Martins Namenstag traditionell das Ende der ertragreichen Sommerzeit und den Anfang des strengen Winters einl\u00e4utete.\" \/>\n<meta property=\"og:url\" content=\"https:\/\/www.redbug-culture.com\/blog\/2017\/09\/martin-luther-36-martinstag\/\" \/>\n<meta property=\"og:site_name\" content=\"Red Bug Culture - Schreiben, Ver\u00f6ffentlichen, Kurse\" \/>\n<meta property=\"article:publisher\" content=\"https:\/\/www.facebook.com\/RedBugBooks\" \/>\n<meta property=\"article:published_time\" content=\"2017-09-08T08:04:03+00:00\" \/>\n<meta property=\"article:modified_time\" content=\"2017-09-13T17:03:48+00:00\" \/>\n<meta property=\"og:image\" content=\"https:\/\/www.redbug-culture.com\/blog\/wp-content\/uploads\/2017\/09\/martinstag.png\" \/>\n\t<meta property=\"og:image:width\" content=\"740\" \/>\n\t<meta property=\"og:image:height\" content=\"493\" \/>\n\t<meta property=\"og:image:type\" content=\"image\/png\" \/>\n<meta name=\"author\" content=\"Isabel\" \/>\n<meta name=\"twitter:card\" content=\"summary_large_image\" \/>\n<meta name=\"twitter:creator\" content=\"@RedBugBooks\" \/>\n<meta name=\"twitter:site\" content=\"@RedBugBooks\" \/>\n<meta name=\"twitter:label1\" content=\"Verfasst von\" \/>\n\t<meta name=\"twitter:data1\" content=\"Isabel\" \/>\n\t<meta name=\"twitter:label2\" content=\"Gesch\u00e4tzte Lesezeit\" \/>\n\t<meta name=\"twitter:data2\" content=\"4\u00a0Minuten\" \/>\n<script type=\"application\/ld+json\" class=\"yoast-schema-graph\">{\"@context\":\"https:\\\/\\\/schema.org\",\"@graph\":[{\"@type\":\"Article\",\"@id\":\"https:\\\/\\\/www.redbug-culture.com\\\/blog\\\/2017\\\/09\\\/martin-luther-36-martinstag\\\/#article\",\"isPartOf\":{\"@id\":\"https:\\\/\\\/www.redbug-culture.com\\\/blog\\\/2017\\\/09\\\/martin-luther-36-martinstag\\\/\"},\"author\":{\"name\":\"Isabel\",\"@id\":\"https:\\\/\\\/www.redbug-culture.com\\\/blog\\\/#\\\/schema\\\/person\\\/5440c982c45dc2d12d7b38648c70f1a4\"},\"headline\":\"Martin Luther #36 Martinstag\",\"datePublished\":\"2017-09-08T08:04:03+00:00\",\"dateModified\":\"2017-09-13T17:03:48+00:00\",\"mainEntityOfPage\":{\"@id\":\"https:\\\/\\\/www.redbug-culture.com\\\/blog\\\/2017\\\/09\\\/martin-luther-36-martinstag\\\/\"},\"wordCount\":765,\"commentCount\":1,\"image\":{\"@id\":\"https:\\\/\\\/www.redbug-culture.com\\\/blog\\\/2017\\\/09\\\/martin-luther-36-martinstag\\\/#primaryimage\"},\"thumbnailUrl\":\"https:\\\/\\\/www.redbug-culture.com\\\/blog\\\/wp-content\\\/uploads\\\/2017\\\/09\\\/martinstag.png\",\"articleSection\":[\"Martin Luther 2017\"],\"inLanguage\":\"de\",\"potentialAction\":[{\"@type\":\"CommentAction\",\"name\":\"Comment\",\"target\":[\"https:\\\/\\\/www.redbug-culture.com\\\/blog\\\/2017\\\/09\\\/martin-luther-36-martinstag\\\/#respond\"]}]},{\"@type\":\"WebPage\",\"@id\":\"https:\\\/\\\/www.redbug-culture.com\\\/blog\\\/2017\\\/09\\\/martin-luther-36-martinstag\\\/\",\"url\":\"https:\\\/\\\/www.redbug-culture.com\\\/blog\\\/2017\\\/09\\\/martin-luther-36-martinstag\\\/\",\"name\":\"Martin Luther #36 Martinstag - Red Bug Culture - Schreiben, Ver\u00f6ffentlichen, Kurse\",\"isPartOf\":{\"@id\":\"https:\\\/\\\/www.redbug-culture.com\\\/blog\\\/#website\"},\"primaryImageOfPage\":{\"@id\":\"https:\\\/\\\/www.redbug-culture.com\\\/blog\\\/2017\\\/09\\\/martin-luther-36-martinstag\\\/#primaryimage\"},\"image\":{\"@id\":\"https:\\\/\\\/www.redbug-culture.com\\\/blog\\\/2017\\\/09\\\/martin-luther-36-martinstag\\\/#primaryimage\"},\"thumbnailUrl\":\"https:\\\/\\\/www.redbug-culture.com\\\/blog\\\/wp-content\\\/uploads\\\/2017\\\/09\\\/martinstag.png\",\"datePublished\":\"2017-09-08T08:04:03+00:00\",\"dateModified\":\"2017-09-13T17:03:48+00:00\",\"author\":{\"@id\":\"https:\\\/\\\/www.redbug-culture.com\\\/blog\\\/#\\\/schema\\\/person\\\/5440c982c45dc2d12d7b38648c70f1a4\"},\"description\":\"Martinstag - Irgendwie passend, dass Martins Namenstag traditionell das Ende der ertragreichen Sommerzeit und den Anfang des strengen Winters einl\u00e4utete.\",\"breadcrumb\":{\"@id\":\"https:\\\/\\\/www.redbug-culture.com\\\/blog\\\/2017\\\/09\\\/martin-luther-36-martinstag\\\/#breadcrumb\"},\"inLanguage\":\"de\",\"potentialAction\":[{\"@type\":\"ReadAction\",\"target\":[\"https:\\\/\\\/www.redbug-culture.com\\\/blog\\\/2017\\\/09\\\/martin-luther-36-martinstag\\\/\"]}]},{\"@type\":\"ImageObject\",\"inLanguage\":\"de\",\"@id\":\"https:\\\/\\\/www.redbug-culture.com\\\/blog\\\/2017\\\/09\\\/martin-luther-36-martinstag\\\/#primaryimage\",\"url\":\"https:\\\/\\\/www.redbug-culture.com\\\/blog\\\/wp-content\\\/uploads\\\/2017\\\/09\\\/martinstag.png\",\"contentUrl\":\"https:\\\/\\\/www.redbug-culture.com\\\/blog\\\/wp-content\\\/uploads\\\/2017\\\/09\\\/martinstag.png\",\"width\":740,\"height\":493,\"caption\":\"martinstag\"},{\"@type\":\"BreadcrumbList\",\"@id\":\"https:\\\/\\\/www.redbug-culture.com\\\/blog\\\/2017\\\/09\\\/martin-luther-36-martinstag\\\/#breadcrumb\",\"itemListElement\":[{\"@type\":\"ListItem\",\"position\":1,\"name\":\"Startseite\",\"item\":\"https:\\\/\\\/www.redbug-culture.com\\\/blog\\\/\"},{\"@type\":\"ListItem\",\"position\":2,\"name\":\"Martin Luther #36 Martinstag\"}]},{\"@type\":\"WebSite\",\"@id\":\"https:\\\/\\\/www.redbug-culture.com\\\/blog\\\/#website\",\"url\":\"https:\\\/\\\/www.redbug-culture.com\\\/blog\\\/\",\"name\":\"Red Bug Culture - Schreiben, Ver\u00f6ffentlichen, Kurse\",\"description\":\"Tipps &amp; Coaching f\u00fcr Autor:innen, Rezensionen\",\"potentialAction\":[{\"@type\":\"SearchAction\",\"target\":{\"@type\":\"EntryPoint\",\"urlTemplate\":\"https:\\\/\\\/www.redbug-culture.com\\\/blog\\\/?s={search_term_string}\"},\"query-input\":{\"@type\":\"PropertyValueSpecification\",\"valueRequired\":true,\"valueName\":\"search_term_string\"}}],\"inLanguage\":\"de\"},{\"@type\":\"Person\",\"@id\":\"https:\\\/\\\/www.redbug-culture.com\\\/blog\\\/#\\\/schema\\\/person\\\/5440c982c45dc2d12d7b38648c70f1a4\",\"name\":\"Isabel\",\"image\":{\"@type\":\"ImageObject\",\"inLanguage\":\"de\",\"@id\":\"https:\\\/\\\/secure.gravatar.com\\\/avatar\\\/eb80f82aabc1d2acef1eddd2e6ca8538c39b78e090d0fbfab1434360a733a928?s=96&d=mm&r=g\",\"url\":\"https:\\\/\\\/secure.gravatar.com\\\/avatar\\\/eb80f82aabc1d2acef1eddd2e6ca8538c39b78e090d0fbfab1434360a733a928?s=96&d=mm&r=g\",\"contentUrl\":\"https:\\\/\\\/secure.gravatar.com\\\/avatar\\\/eb80f82aabc1d2acef1eddd2e6ca8538c39b78e090d0fbfab1434360a733a928?s=96&d=mm&r=g\",\"caption\":\"Isabel\"},\"url\":\"https:\\\/\\\/www.redbug-culture.com\\\/blog\\\/author\\\/isabel\\\/\"}]}<\/script>\n<!-- \/ Yoast SEO plugin. -->","yoast_head_json":{"title":"Martin Luther #36 Martinstag - Red Bug Culture - Schreiben, Ver\u00f6ffentlichen, Kurse","description":"Martinstag - Irgendwie passend, dass Martins Namenstag traditionell das Ende der ertragreichen Sommerzeit und den Anfang des strengen Winters einl\u00e4utete.","robots":{"index":"index","follow":"follow","max-snippet":"max-snippet:-1","max-image-preview":"max-image-preview:large","max-video-preview":"max-video-preview:-1"},"canonical":"https:\/\/www.redbug-culture.com\/blog\/2017\/09\/martin-luther-36-martinstag\/","og_locale":"de_DE","og_type":"article","og_title":"Martin Luther #36 Martinstag - Red Bug Culture - Schreiben, Ver\u00f6ffentlichen, Kurse","og_description":"Martinstag - Irgendwie passend, dass Martins Namenstag traditionell das Ende der ertragreichen Sommerzeit und den Anfang des strengen Winters einl\u00e4utete.","og_url":"https:\/\/www.redbug-culture.com\/blog\/2017\/09\/martin-luther-36-martinstag\/","og_site_name":"Red Bug Culture - Schreiben, Ver\u00f6ffentlichen, Kurse","article_publisher":"https:\/\/www.facebook.com\/RedBugBooks","article_published_time":"2017-09-08T08:04:03+00:00","article_modified_time":"2017-09-13T17:03:48+00:00","og_image":[{"width":740,"height":493,"url":"https:\/\/www.redbug-culture.com\/blog\/wp-content\/uploads\/2017\/09\/martinstag.png","type":"image\/png"}],"author":"Isabel","twitter_card":"summary_large_image","twitter_creator":"@RedBugBooks","twitter_site":"@RedBugBooks","twitter_misc":{"Verfasst von":"Isabel","Gesch\u00e4tzte Lesezeit":"4\u00a0Minuten"},"schema":{"@context":"https:\/\/schema.org","@graph":[{"@type":"Article","@id":"https:\/\/www.redbug-culture.com\/blog\/2017\/09\/martin-luther-36-martinstag\/#article","isPartOf":{"@id":"https:\/\/www.redbug-culture.com\/blog\/2017\/09\/martin-luther-36-martinstag\/"},"author":{"name":"Isabel","@id":"https:\/\/www.redbug-culture.com\/blog\/#\/schema\/person\/5440c982c45dc2d12d7b38648c70f1a4"},"headline":"Martin Luther #36 Martinstag","datePublished":"2017-09-08T08:04:03+00:00","dateModified":"2017-09-13T17:03:48+00:00","mainEntityOfPage":{"@id":"https:\/\/www.redbug-culture.com\/blog\/2017\/09\/martin-luther-36-martinstag\/"},"wordCount":765,"commentCount":1,"image":{"@id":"https:\/\/www.redbug-culture.com\/blog\/2017\/09\/martin-luther-36-martinstag\/#primaryimage"},"thumbnailUrl":"https:\/\/www.redbug-culture.com\/blog\/wp-content\/uploads\/2017\/09\/martinstag.png","articleSection":["Martin Luther 2017"],"inLanguage":"de","potentialAction":[{"@type":"CommentAction","name":"Comment","target":["https:\/\/www.redbug-culture.com\/blog\/2017\/09\/martin-luther-36-martinstag\/#respond"]}]},{"@type":"WebPage","@id":"https:\/\/www.redbug-culture.com\/blog\/2017\/09\/martin-luther-36-martinstag\/","url":"https:\/\/www.redbug-culture.com\/blog\/2017\/09\/martin-luther-36-martinstag\/","name":"Martin Luther #36 Martinstag - Red Bug Culture - Schreiben, Ver\u00f6ffentlichen, Kurse","isPartOf":{"@id":"https:\/\/www.redbug-culture.com\/blog\/#website"},"primaryImageOfPage":{"@id":"https:\/\/www.redbug-culture.com\/blog\/2017\/09\/martin-luther-36-martinstag\/#primaryimage"},"image":{"@id":"https:\/\/www.redbug-culture.com\/blog\/2017\/09\/martin-luther-36-martinstag\/#primaryimage"},"thumbnailUrl":"https:\/\/www.redbug-culture.com\/blog\/wp-content\/uploads\/2017\/09\/martinstag.png","datePublished":"2017-09-08T08:04:03+00:00","dateModified":"2017-09-13T17:03:48+00:00","author":{"@id":"https:\/\/www.redbug-culture.com\/blog\/#\/schema\/person\/5440c982c45dc2d12d7b38648c70f1a4"},"description":"Martinstag - Irgendwie passend, dass Martins Namenstag traditionell das Ende der ertragreichen Sommerzeit und den Anfang des strengen Winters einl\u00e4utete.","breadcrumb":{"@id":"https:\/\/www.redbug-culture.com\/blog\/2017\/09\/martin-luther-36-martinstag\/#breadcrumb"},"inLanguage":"de","potentialAction":[{"@type":"ReadAction","target":["https:\/\/www.redbug-culture.com\/blog\/2017\/09\/martin-luther-36-martinstag\/"]}]},{"@type":"ImageObject","inLanguage":"de","@id":"https:\/\/www.redbug-culture.com\/blog\/2017\/09\/martin-luther-36-martinstag\/#primaryimage","url":"https:\/\/www.redbug-culture.com\/blog\/wp-content\/uploads\/2017\/09\/martinstag.png","contentUrl":"https:\/\/www.redbug-culture.com\/blog\/wp-content\/uploads\/2017\/09\/martinstag.png","width":740,"height":493,"caption":"martinstag"},{"@type":"BreadcrumbList","@id":"https:\/\/www.redbug-culture.com\/blog\/2017\/09\/martin-luther-36-martinstag\/#breadcrumb","itemListElement":[{"@type":"ListItem","position":1,"name":"Startseite","item":"https:\/\/www.redbug-culture.com\/blog\/"},{"@type":"ListItem","position":2,"name":"Martin Luther #36 Martinstag"}]},{"@type":"WebSite","@id":"https:\/\/www.redbug-culture.com\/blog\/#website","url":"https:\/\/www.redbug-culture.com\/blog\/","name":"Red Bug Culture - Schreiben, Ver\u00f6ffentlichen, Kurse","description":"Tipps &amp; Coaching f\u00fcr Autor:innen, Rezensionen","potentialAction":[{"@type":"SearchAction","target":{"@type":"EntryPoint","urlTemplate":"https:\/\/www.redbug-culture.com\/blog\/?s={search_term_string}"},"query-input":{"@type":"PropertyValueSpecification","valueRequired":true,"valueName":"search_term_string"}}],"inLanguage":"de"},{"@type":"Person","@id":"https:\/\/www.redbug-culture.com\/blog\/#\/schema\/person\/5440c982c45dc2d12d7b38648c70f1a4","name":"Isabel","image":{"@type":"ImageObject","inLanguage":"de","@id":"https:\/\/secure.gravatar.com\/avatar\/eb80f82aabc1d2acef1eddd2e6ca8538c39b78e090d0fbfab1434360a733a928?s=96&d=mm&r=g","url":"https:\/\/secure.gravatar.com\/avatar\/eb80f82aabc1d2acef1eddd2e6ca8538c39b78e090d0fbfab1434360a733a928?s=96&d=mm&r=g","contentUrl":"https:\/\/secure.gravatar.com\/avatar\/eb80f82aabc1d2acef1eddd2e6ca8538c39b78e090d0fbfab1434360a733a928?s=96&d=mm&r=g","caption":"Isabel"},"url":"https:\/\/www.redbug-culture.com\/blog\/author\/isabel\/"}]}},"_links":{"self":[{"href":"https:\/\/www.redbug-culture.com\/blog\/wp-json\/wp\/v2\/posts\/10583","targetHints":{"allow":["GET"]}}],"collection":[{"href":"https:\/\/www.redbug-culture.com\/blog\/wp-json\/wp\/v2\/posts"}],"about":[{"href":"https:\/\/www.redbug-culture.com\/blog\/wp-json\/wp\/v2\/types\/post"}],"author":[{"embeddable":true,"href":"https:\/\/www.redbug-culture.com\/blog\/wp-json\/wp\/v2\/users\/8"}],"replies":[{"embeddable":true,"href":"https:\/\/www.redbug-culture.com\/blog\/wp-json\/wp\/v2\/comments?post=10583"}],"version-history":[{"count":0,"href":"https:\/\/www.redbug-culture.com\/blog\/wp-json\/wp\/v2\/posts\/10583\/revisions"}],"wp:featuredmedia":[{"embeddable":true,"href":"https:\/\/www.redbug-culture.com\/blog\/wp-json\/wp\/v2\/media\/10584"}],"wp:attachment":[{"href":"https:\/\/www.redbug-culture.com\/blog\/wp-json\/wp\/v2\/media?parent=10583"}],"wp:term":[{"taxonomy":"category","embeddable":true,"href":"https:\/\/www.redbug-culture.com\/blog\/wp-json\/wp\/v2\/categories?post=10583"},{"taxonomy":"post_tag","embeddable":true,"href":"https:\/\/www.redbug-culture.com\/blog\/wp-json\/wp\/v2\/tags?post=10583"}],"curies":[{"name":"wp","href":"https:\/\/api.w.org\/{rel}","templated":true}]}}